{"id":92,"date":"2004-07-06T23:08:51","date_gmt":"2004-07-06T22:08:51","guid":{"rendered":"http:\/\/lenin.se\/kommunistiskapartiet-ny\/2004\/07\/06\/garantera-driften-pa-sandviks-glasbruk\/"},"modified":"2008-11-25T08:50:34","modified_gmt":"2008-11-25T06:50:34","slug":"garantera-driften-pa-sandviks-glasbruk","status":"publish","type":"post","link":"https:\/\/kvaxjo.se\/?p=92","title":{"rendered":"Garantera driften p\u00e5 Sandviks glasbruk"},"content":{"rendered":"<p><em>Refuserad av Sm\u00e5landsposten, inskickad 2004-07-06<\/em><\/p>\n<p><strong>Trots l\u00f6ften om f\u00f6rs\u00e4ljning v\u00e4grade \u00e4garna att s\u00e4lja. Den enda l\u00f6sningen \u00e4r nu att regeringen tv\u00e5ngsinl\u00f6ser bruket och garanterar fortsatt drift.<\/strong><\/p>\n<p>I samband med nedl\u00e4ggningsbeskedet fick facket fr\u00e5gan om man hade ett b\u00e4ttre f\u00f6rslag \u00e4n nedl\u00e4ggning. Krokodilt\u00e5rar str\u00f6mmade fr\u00e5n \u00e4garnas kinder.<br \/>\nN\u00e4r k\u00f6pare och alternativ sedan presenterade sig sinade t\u00e5rk\u00e4llan raskt och man v\u00e4grade s\u00e4lja. \u00c4garna har uppenbarligen inget f\u00f6rtroende fr\u00e5n varken arbetare, formgivare eller Hovmantorps befolkning. \u00c4garna har v\u00e4nt Sandvik ryggen.<\/p>\n<p>Likt \u00e4garna till B. Mattsons glashus i Kosta s\u00e5 har \u00e4garna till Sandviks glasbruk nu f\u00f6rverkat sin exklusiva r\u00e4tt till fabriken. Precis som Lessebo kommun kan expropriera byggnader av kulturellt v\u00e4rde m\u00e5ste staten nu, av s\u00e5v\u00e4l nationella som regionala sk\u00e4l, ta \u00f6ver och vidareutveckla Sandviks glasbruk.<br \/>\nKommunalr\u00e5det i Lessebo Kommun. Monica Widnemark(s), visade v\u00e4gen i sitt tal p\u00e5 manifestationen i Hovmantorp den 26 maj.<br \/>\n\u0094Regeringen Persson m\u00e5ste ta ansvar och visa allvar med sitt snack om glaset som en nationell angel\u00e4genhet\u0094.<br \/>\nRiksdagsledamot Elgestam(s) varnade \u00e4ven hon f\u00f6r att om ingenting g\u00f6rs fr\u00e5n regeringens sida kommer glasriket att vara borta om tio \u00e5r.<br \/>\nR\u00e4tt rutet! Regeringen kan inte stillatigande se p\u00e5 n\u00e4r en fabrik och ett samh\u00e4lle l\u00e4ggs i ruiner. \u00c4r det inte lika viktigt att glasriket r\u00e4ddas fr\u00e5n ruin som att n\u00e5gra kulturm\u00e4rkta hus g\u00f6r det?<\/p>\n<p>Koncernen \u00e4r uppenbart inte kapabel att driva bruket vidare. Trots l\u00f6nsamhet och god ekonomi \u00e4r man inte n\u00f6jda. Med en tvivelaktig strukturplan \u00e4mnar man koncentrera samt \u0094outsourca\u0094 produktionen till l\u00e5gl\u00f6nel\u00e4nder. Arbetare, fack, formgivare och gamla f\u00f6retagsledare har tagit sig f\u00f6r pannan.<br \/>\nDroppen kom v\u00e4l f\u00f6rra veckan n\u00e4r koncernen v\u00e4grade s\u00e4lja till villiga k\u00f6pare. Det \u00e4r uppenbart att allt var l\u00f6gn fr\u00e5n b\u00f6rjan till slut. Ett cyniskt spel f\u00f6r att f\u00e5 arbetarna att arbeta vidare utan att knota. Det \u00e4r uppenbart att \u00e4garna v\u00e4grar s\u00e4lja eftersom man fruktar konkurrens. Samma sak skedde vid nedl\u00e4ggningen av d\u00e4ckfabriken i Gislaved d\u00e4r \u00e4garna trots utf\u00e4stelser om motsatsen v\u00e4grade s\u00e4lja till konkurrenter.<\/p>\n<p>Ledningen \u00e4r, enligt s\u00e5v\u00e4l arbetare som formgivare, uppenbart okunnig om glasproduktionens villkor. Man ser arbetare och formgivare enbart som kapital vilka skall kunna flyttas som en simpel br\u00f6drost p\u00e5 kommando. Hela historien vittnar om ett f\u00f6rakt f\u00f6r arbetarna och dess kunskaper.<br \/>\nAllvarliga felbeslut som flyttningen av lagret till Malm\u00f6 och vannainvesteringarna till Orrefors har gjorts.<br \/>\nTrots tal om satsning p\u00e5 upplevelseindustri s\u00e5 d\u00f6dar man f\u00f6ruts\u00e4ttningen f\u00f6r detta genom att l\u00e4gga ned bruk efter bruk. Ordet \u0094Upplevelseindustri\u0094 \u00e4r uppenbart endast ett begrepp man r\u00f6r sig med f\u00f6r att mj\u00f6lka pengar av stat, kommun och skattebetalarna. Nyligen i form av ett svindyrt glascentrum.<br \/>\nSamtidigt gn\u00e4ller koncernen \u00f6ver att man inte kan n\u00e5 de beslutna milj\u00f6m\u00e5len och vill s\u00e4nka gr\u00e4nsv\u00e4rdena f\u00f6r Kadmium fem g\u00e5nger eftersom det skulle kosta f\u00f6r mycket att h\u00e5lla sig till lagen.<\/p>\n<p>I och med nedl\u00e4ggningsbeslutet och dess sorgliga efterspel s\u00e5 har man fr\u00e5n ledningens h\u00e5ll avsagt sig allt ansvar f\u00f6r samh\u00e4llet och bygden. Man har d\u00e4rmed f\u00f6rverkat sin r\u00e4tt till fabriken.<br \/>\nAlla krav m\u00e5ste nu riktas mot regeringen Persson att omedelbart ingripa och garantera fortsatt drift p\u00e5 Sandviks glasbruk.<br \/>\nDet r\u00e4cker inte att som hittills gjorts bjuda ner ministrar p\u00e5 lyxvisningar av de olika glasbruken &#8211; p\u00e5 skattebetalarnas bekostnad. Det r\u00e4cker inte med planer om kompetensutveckling och nationella samordningsplaner. Vad finns det till slut f\u00f6r glasbruk att samordna? Vad finns det f\u00f6r arbete f\u00f6r de \u0094kompetensutvecklade\u0094?<br \/>\nDet r\u00e4cket inte med vaga l\u00f6ften om handlingsplaner och \u00f6dmjuka brev till kanslihuset.<\/p>\n<p>Regeringens svar p\u00e5 nedl\u00e4ggningen har \u00e4n s\u00e5 l\u00e4nge varit skamlig. Tv\u00e5 miljoner till ett \u0094projekt f\u00f6r att fr\u00e4mja export av svenskt glas\u0094. Med \u0094svenskt glas\u0094 menas givetvis ocks\u00e5 utlandsproducerat glas under svensk beteckning. Att kommunen sedan skall skjuta till 100 000 kronor till en EU-tj\u00e4nst som skall \u0094matcha ihop f\u00f6retagen i kommunerna och g\u00f6ra matchningsresor exempelvis till Polen\u0094 \u00e4r rent kriminellt. Skall kapitalisterna nu f\u00e5 hj\u00e4lp av skattebetalarna att exportera glasindustrin till l\u00e5gl\u00f6nefabriker i \u00d6steuropa?<\/p>\n<p>Det m\u00e5ste bli ett slut p\u00e5 att samh\u00e4llet b\u00e4r produktionens kostnader medan vinsterna privatiseras. Det m\u00e5ste bli ett slut p\u00e5 det lydiga bockandet fr\u00e5n regering och riksdag inf\u00f6r marknadens godtycke. Det m\u00e5ste bli ett slut p\u00e5 att en hel kommuns resurser underordnas ett privat f\u00f6retags nycker och att ett helt samh\u00e4lle h\u00e5lls gisslan av n\u00e5gra siffror i en kvartalsrapport.<br \/>\nDenna situation kan p\u00e5 sikt enbart \u00e5tg\u00e4rdas genom att en aktiv svensk regionalpolitik och en aktiv svensk industripolitik uppr\u00e4ttas.<br \/>\nVem skall ta samh\u00e4llsansvar om de stora f\u00f6retagen och deras direkt\u00f6rer och aktie\u00e4gare v\u00e4grar g\u00f6ra det? Svaret \u00e4r sj\u00e4lvklart. Staten m\u00e5ste ta det ansvar kapitalet fr\u00e5nsagt sig.<br \/>\nSamh\u00e4llsnyttig verksamhet m\u00e5ste drivas vidare i statlig regi \u0096 f\u00f6r samh\u00e4llets och<br \/>\nde anst\u00e4lldas skull.<\/p>\n<p>Alla krav fr\u00e5n arbetare och lokala politiker m\u00e5ste nu riktas till regeringen Persson. Alla medel m\u00e5ste anv\u00e4ndas f\u00f6r att tvinga regeringen att ingripa.<br \/>\nKravet \u00e4r enkelt och konkret:<br \/>\nExpropriera Sandviks glasbruk och garantera fortsatt drift.<\/p>\n<p>Tom Carlsson KPML(r)-V\u00e4xj\u00f6<\/p>\n","protected":false},"excerpt":{"rendered":"<p>Refuserad av Sm\u00e5landsposten, inskickad 2004-07-06 Trots l\u00f6ften om f\u00f6rs\u00e4ljning v\u00e4grade \u00e4garna att s\u00e4lja. Den enda l\u00f6sningen \u00e4r nu att regeringen tv\u00e5ngsinl\u00f6ser bruket och garanterar fortsatt drift. I samband med nedl\u00e4ggningsbeskedet fick facket fr\u00e5gan om man hade ett b\u00e4ttre f\u00f6rslag \u00e4n nedl\u00e4ggning. Krokodilt\u00e5rar str\u00f6mmade fr\u00e5n \u00e4garnas kinder. N\u00e4r k\u00f6pare och alternativ sedan presenterade sig sinade t\u00e5rk\u00e4llan [&hellip;]<\/p>\n","protected":false},"author":1,"featured_media":0,"comment_status":"closed","ping_status":"closed","sticky":false,"template":"","format":"standard","meta":[],"categories":[5],"tags":[],"_links":{"self":[{"href":"https:\/\/kvaxjo.se\/index.php?rest_route=\/wp\/v2\/posts\/92"}],"collection":[{"href":"https:\/\/kvaxjo.se\/index.php?rest_route=\/wp\/v2\/posts"}],"about":[{"href":"https:\/\/kvaxjo.se\/index.php?rest_route=\/wp\/v2\/types\/post"}],"author":[{"embeddable":true,"href":"https:\/\/kvaxjo.se\/index.php?rest_route=\/wp\/v2\/users\/1"}],"replies":[{"embeddable":true,"href":"https:\/\/kvaxjo.se\/index.php?rest_route=%2Fwp%2Fv2%2Fcomments&post=92"}],"version-history":[{"count":1,"href":"https:\/\/kvaxjo.se\/index.php?rest_route=\/wp\/v2\/posts\/92\/revisions"}],"predecessor-version":[{"id":455,"href":"https:\/\/kvaxjo.se\/index.php?rest_route=\/wp\/v2\/posts\/92\/revisions\/455"}],"wp:attachment":[{"href":"https:\/\/kvaxjo.se\/index.php?rest_route=%2Fwp%2Fv2%2Fmedia&parent=92"}],"wp:term":[{"taxonomy":"category","embeddable":true,"href":"https:\/\/kvaxjo.se\/index.php?rest_route=%2Fwp%2Fv2%2Fcategories&post=92"},{"taxonomy":"post_tag","embeddable":true,"href":"https:\/\/kvaxjo.se\/index.php?rest_route=%2Fwp%2Fv2%2Ftags&post=92"}],"curies":[{"name":"wp","href":"https:\/\/api.w.org\/{rel}","templated":true}]}}