{"id":90,"date":"2004-06-25T23:07:56","date_gmt":"2004-06-25T22:07:56","guid":{"rendered":"http:\/\/lenin.se\/kommunistiskapartiet-ny\/2004\/06\/25\/usas-koncentrationslager-pa-kuba\/"},"modified":"2008-11-25T08:51:02","modified_gmt":"2008-11-25T06:51:02","slug":"usas-koncentrationslager-pa-kuba","status":"publish","type":"post","link":"https:\/\/kvaxjo.se\/?p=90","title":{"rendered":"USA:s koncentrationsl\u00e4ger p\u00e5 Kuba"},"content":{"rendered":"<p><em>Publicerad med vissa \u00e4ndringar i V\u00e4xj\u00f6bladet Kronobergaren 2004-06-25<\/em><\/p>\n<p>Vad kallas ett f\u00e5ngl\u00e4ger d\u00e4r folk h\u00e5lls f\u00e4ngslade p\u00e5 obest\u00e4md tid?. D\u00e4r f\u00e5ngar torteras utan att ha beg\u00e5tt n\u00e5got brott? D\u00e4r f\u00e5ngar misshandlas till den grad att de f\u00f6rlorar allt hopp om livet och rutinm\u00e4ssigt tar sina liv? Finns det n\u00e5got annat namn \u00e4n koncentrationsl\u00e4ger som \u00e4r l\u00e4mpligt? Varf\u00f6r inte kalla en spade f\u00f6r en spade?<\/p>\n<p>Bushregimen (som ej \u00e4r vald utan tillsatt av h\u00f6gsta domstolen, vilken i sin tur \u00e4r tillsatt av Bushs pappa), och dess uts\u00e4nde ambassad\u00f6r i Sverige, har hela tiden f\u00f6rsvarat l\u00e4gret d\u00e4r de 595 tortyroffren h\u00e5lls och konstant kallat dom f\u00f6r \u0094the worst of a very bad lot\u0094. Ett fasansfullt begrepp att r\u00f6ra sig med som representant f\u00f6r en stat. Ett begrepp som, i skenet av tortyren i Irak, uppmuntrar tortyr och \u00f6vergrepp fr\u00e5n f\u00e5ngvaktarna. Ett begrepp avsett att lindra torterarnas och f\u00f6rh\u00f6rsledarnas samvetskval och r\u00e4ttf\u00e4rdiga tortyren mot dessa \u0094the worst of av very bad lot\u0094.<\/p>\n<p>Regimens l\u00f6gner \u00e4r nu s\u00e5 uppenbara att man fr\u00e5n CIA och milit\u00e4ren f\u00f6rnekar att det \u00f6verhuvudtaget finns n\u00e5gra terroristledare i l\u00e4gret. Inte en enda anh\u00e5llen i Guantanamo \u00e4r en terroristledare, s\u00e4ger de. En av dessa oskyldiga f\u00e5ngar \u00e4r svensken Mehdi Ghezali. Men USA:s ambassad\u00f6r menar \u00e4nd\u00e5 att svensken har sig sj\u00e4lv att skylla eftersom han inte \u0094samarbetat\u0094 tillr\u00e4ckligt med f\u00f6rh\u00f6rsledarna. Vi vet nu via media vad som menas med \u0094f\u00f6rh\u00f6rsledare\u0094 och vad som h\u00e4nder med de f\u00e5ngar som inte samarbetar i amerikanska f\u00e5ngl\u00e4ger. Sanningen \u00e4r givetvis att han \u00e4r oskyldig till terrorbrott och att USA v\u00e4grar sl\u00e4ppa honom eftersom de fruktar att han ska ber\u00e4tta hur han behandlats i l\u00e4gret.<\/p>\n<p>Den v\u00e4pnade befrielsekampen mot USA:s ockupation av Irak har medf\u00f6rt att Washingtons smutsiga byk nu b\u00f6rjar synas i t\u00f6mmarna. Det finns tydligen mer tortyrl\u00e4ger \u00e4n de i Irak, Afganistan och p\u00e5 Kuba. Totalt har en m\u00e4nniskor\u00e4ttsorganisation avsl\u00f6jat 24 hemliga f\u00e5ngl\u00e4ger runt om i v\u00e4rlden som USA h\u00e5llit dolda f\u00f6r r\u00e4ttslig insyn. Det internationella samfundet m\u00e5ste nu kraftigt reagera av ett antal sk\u00e4l:<br \/>\n&#8212; Washington s\u00e4ger att man har r\u00e4tt att g\u00f6ra vad man vill med f\u00e5ngarna eftersom Guantanamo inte ligger p\u00e5 USA:s territorium. En legal fint som \u00e4r mycket farlig och som \u00e4ven nazisterna utnyttjade med sina l\u00e4ger i Polen. Utomlands \u00e4r man utom r\u00e4ckh\u00e5ll f\u00f6r r\u00e4ttsv\u00e4sendet och det fr\u00e4mmande landet g\u00f6r det l\u00e4ttare f\u00f6r f\u00e5ngvaktare att koppla bort den vanliga moralen.<br \/>\n&#8212; Att inte kraftfullt f\u00f6rd\u00f6ma USA:s agerande inneb\u00e4r att man b\u00f6jer sig f\u00f6r USA:s r\u00e4tt att illegalt ockupera en del av kubanskt territorium mot dess regerings vilja. En regering som \u00e4r erk\u00e4nd av FN.<br \/>\n&#8212; Eftersom Washington kallar dessa f\u00e5ngar \u0094fientligt stridande\u0094 och inte krigsf\u00e5ngar betyder det att man kan f\u00f6rneka f\u00e5ngarna de r\u00e4ttigheter dom har under Genevekonventionen. Det inneb\u00e4r att de kan tortera f\u00e5ngar eftersom de inte betraktas som krigsf\u00e5ngar.<br \/>\n&#8212; Washington har \u00f6ppet deklarerat att det har r\u00e4tten, \u00e4ven om dess egna milit\u00e4rtribunaler finner f\u00e5ngarna oskyldiga, att h\u00e5lla f\u00e5ngarna kvar i l\u00e4gret s\u00e5 l\u00e4nge som Washington \u00f6nskar.<\/p>\n<p>F\u00f6r att avsl\u00f6ja regimens brottsliga karakt\u00e4r och belysa det allvarliga i situation r\u00e4cker det med f\u00f6ljande tal av Bush inf\u00f6r en extatisk kongress den 28 januari 2003: \u0094\u00d6ver 3000 terroristmisst\u00e4nkta \u00e4r arresterats i m\u00e5nga l\u00e4nder. M\u00e5nga har upplevt ett annat \u00f6de. L\u00e5t oss s\u00e4ga s\u00e5 h\u00e4r: de \u00e4r inte l\u00e4ngre ett problem f\u00f6r USA (jubel fr\u00e5n kongressen)\u0094. Ingenting liknande har yttrats sedan Hitlers dagar. Det var l\u00e4nge sedan m\u00e4nskligheten fick h\u00f6ra p\u00e5 liknande uttalanden om en officiell politik av utom-r\u00e4ttsliga avr\u00e4ttningar. F\u00f6rintandet av en m\u00e4nniska utan r\u00e4ttslig procedur innan skottet faller. 18 m\u00e5nader har g\u00e5tt sedan detta tal. Ett krig mot ett f\u00f6rsvarsl\u00f6st folk har inletts d\u00e4r Bushregimens fruktansv\u00e4rda milit\u00e4ra kapacitet \u00f6delagt \u00e4nnu ett land och dess befolkning. Ett krig som br\u00f6t mot all internationell r\u00e4tt. Precis som Hitler gjorde p\u00e5 sin tid. Antalet \u0094terroristmisst\u00e4nkta\u0094 som h\u00e5lls utan r\u00e4tteg\u00e5ng i USA:s f\u00e4ngelser jorden runt \u00f6kar st\u00e4ndigt. Vi har bara f\u00e5tt se en liten del av den fasa som utspelas i dessa tortyrl\u00e4ger. Det finns ocks\u00e5 tiotusentals oskyldiga som i Bush:s ord \u0094upplevt ett annat \u00f6de\u0094 som inte l\u00e4ngre \u0094utg\u00f6r ett problem\u0094 f\u00f6r regimen.<\/p>\n<p>Den svenska regeringen utg\u00f6r dock inget problem f\u00f6r regimen. Socialdemokraterna och dess samarbetspartier b\u00f6jer sig bakl\u00e4nges av anpasslighet inf\u00f6r Bushjuntans brott mot m\u00e4nskligheten. Precis som man gjorde mot Hitler.<\/p>\n<p>Tom Carlsson KPML(r)-V\u00e4xj\u00f6<\/p>\n","protected":false},"excerpt":{"rendered":"<p>Publicerad med vissa \u00e4ndringar i V\u00e4xj\u00f6bladet Kronobergaren 2004-06-25 Vad kallas ett f\u00e5ngl\u00e4ger d\u00e4r folk h\u00e5lls f\u00e4ngslade p\u00e5 obest\u00e4md tid?. D\u00e4r f\u00e5ngar torteras utan att ha beg\u00e5tt n\u00e5got brott? D\u00e4r f\u00e5ngar misshandlas till den grad att de f\u00f6rlorar allt hopp om livet och rutinm\u00e4ssigt tar sina liv? Finns det n\u00e5got annat namn \u00e4n koncentrationsl\u00e4ger som \u00e4r [&hellip;]<\/p>\n","protected":false},"author":1,"featured_media":0,"comment_status":"closed","ping_status":"closed","sticky":false,"template":"","format":"standard","meta":[],"categories":[5],"tags":[],"_links":{"self":[{"href":"https:\/\/kvaxjo.se\/index.php?rest_route=\/wp\/v2\/posts\/90"}],"collection":[{"href":"https:\/\/kvaxjo.se\/index.php?rest_route=\/wp\/v2\/posts"}],"about":[{"href":"https:\/\/kvaxjo.se\/index.php?rest_route=\/wp\/v2\/types\/post"}],"author":[{"embeddable":true,"href":"https:\/\/kvaxjo.se\/index.php?rest_route=\/wp\/v2\/users\/1"}],"replies":[{"embeddable":true,"href":"https:\/\/kvaxjo.se\/index.php?rest_route=%2Fwp%2Fv2%2Fcomments&post=90"}],"version-history":[{"count":1,"href":"https:\/\/kvaxjo.se\/index.php?rest_route=\/wp\/v2\/posts\/90\/revisions"}],"predecessor-version":[{"id":456,"href":"https:\/\/kvaxjo.se\/index.php?rest_route=\/wp\/v2\/posts\/90\/revisions\/456"}],"wp:attachment":[{"href":"https:\/\/kvaxjo.se\/index.php?rest_route=%2Fwp%2Fv2%2Fmedia&parent=90"}],"wp:term":[{"taxonomy":"category","embeddable":true,"href":"https:\/\/kvaxjo.se\/index.php?rest_route=%2Fwp%2Fv2%2Fcategories&post=90"},{"taxonomy":"post_tag","embeddable":true,"href":"https:\/\/kvaxjo.se\/index.php?rest_route=%2Fwp%2Fv2%2Ftags&post=90"}],"curies":[{"name":"wp","href":"https:\/\/api.w.org\/{rel}","templated":true}]}}