{"id":9,"date":"2001-04-24T12:00:52","date_gmt":"2001-04-24T11:00:52","guid":{"rendered":"http:\/\/lenin.se\/kommunistiskapartiet-ny\/2001\/04\/24\/kamp-mot-hogerpolitiken-sverige-ut-ur-eu\/"},"modified":"2008-11-25T09:09:51","modified_gmt":"2008-11-25T07:09:51","slug":"kamp-mot-hogerpolitiken-sverige-ut-ur-eu","status":"publish","type":"post","link":"https:\/\/kvaxjo.se\/?p=9","title":{"rendered":"Kamp mot h\u00f6gerpolitiken &#8211; Sverige ut ur EU"},"content":{"rendered":"<p><em>Publicerad i SMP 010424<br \/>\n<\/em><br \/>\nDrygt tv\u00e5 m\u00e5nader \u00e4r kvar av Sveriges ordf\u00f6randeskap i den Europeiska Unionen. Minist\u00e4rerna i Perssons regering verkar trivas eftersom det \u00e4r nu de ska \u00f6vervinna de &#8221;tjuriga&#8221; svenskarna om att EU f\u00f6der n\u00e5got gott med sig. Intet d\u00e5. EU \u00e4r i grunden ett folkfientligt projekt som inte tar h\u00e4nsyn till n\u00e5gon folkvilja &#8211; den r\u00e4ds EU ist\u00e4llet f\u00f6r. Vaksamma V\u00e4xj\u00f6bor kanske minns avsp\u00e4rrningarna kring Teatern i V\u00e4xj\u00f6 den 19-21 mars d\u00e5 en europeisk f\u00f6retagarkonferens anordnades. Distanseringen mellan makthavare och maktl\u00f6sa kunde inte illustrerats tydligare. Samtidigt \u00e4gde en demonstration anordnad av Folkr\u00f6relsen Nej till EU rum. Demonstrationen var en positiv kraft som visade p\u00e5 en verkligt deltagande demokrati, fj\u00e4rran fr\u00e5n plenisalar och tj\u00e4nstemannav\u00e4lde. Arbetare, studenter och pension\u00e4rer st\u00e4llde kravet p\u00e5 ett uttr\u00e4de ur den Europeiska Unionen helt i linje med flertalet av svenskarnas \u00f6nskan.<br \/>\nSocialdemokratin, tillsammans med V\u00e4nsterpartiet och Milj\u00f6partiet, vilka utg\u00f6r regeringsunderlaget under l\u00f6pande mandatperiod kan inte ge tyngd \u00e5t n\u00e5got EU-motst\u00e5nd. I sj\u00e4lva verket \u00e4r det dessa partier som gjort avkall om demokratins bas i nationalstaten till f\u00f6rm\u00e5n f\u00f6r tankar om en europeisk federation. Det \u00e4r just mot ett federalt Europa vi \u00e4r p\u00e5 v\u00e4g mot (med gemensam valuta, skatteuttag, f\u00f6rsvar, polis, m.m.) om inte folkviljan h\u00f6rsammas. All heder d\u00e4rf\u00f6r till de organisatoriska och deltagande krafter i detta land som v\u00e5gar h\u00e5lla EU st\u00e5ngen.<br \/>\nVarav denna r\u00e4dsla f\u00f6r folkets vilja? D\u00e4rf\u00f6r att unionens funktion st\u00e5r att finna i kapitalets frihet och d\u00e4rmed i direkt polemik med, och p\u00e5 bekostnad av folkets frihet. Inskr\u00e4nkningar av demokratiska- och fackliga r\u00e4ttigheter, undergr\u00e4vd arbetsr\u00e4tt och uppgivandet av den svenska neutraliteten \u00e4r n\u00e5got av det som medlemskapet f\u00f6rt med sig och p\u00e5 sikt \u00e5syftar till. De som opponerar mot den f\u00f6rda EU-politiken riskerar att hamna i Schengen Information System (SIS), vilket kan f\u00f6rsv\u00e5ra vid inresa i de \u00f6vriga EU-l\u00e4nderna. Detta f\u00f6rst\u00e4rker \u00e4n mer bilden av EU som det odemokratiska politiska projekt det verkligen \u00e4r med bristande, eller avsaknad, av demokratisk kontroll och insyn \u00f6ver initiering och beredning av \u00e4renden. Allt enligt modellen: Var god lyd europ\u00e9! &#8221;Festung Europa&#8221; \u00e4r snart en realitet.<br \/>\nD\u00e4rf\u00f6r m\u00e5ste den folkfientliga unionen bek\u00e4mpas och \u00f6vervinnas p\u00e5 bred front. All verklig f\u00f6r\u00e4ndring \u00e4r annars d\u00f6md att misslyckas. Kommunistiska Partiet, KPML(r), st\u00e4ller parollen Sverige ut ur EU &#8211; Nej till EMU!, som det fr\u00e4msta kravet i kampen f\u00f6r nationell sj\u00e4lvst\u00e4ndighet och f\u00f6r en politik som vanligt folk gynnas av. Vi i KPML(r) ser till Sveriges r\u00e4tt att utifr\u00e5n nationalstatens grund utforma sin egen politik. Denna sj\u00e4lvklara r\u00e4tt \u00e4r dock ett minne blott om integrationen inom EU f\u00e5r fortg\u00e5. Det kommunistiska partiet uppmanar d\u00e4rf\u00f6r \u00e4rligt k\u00e4mpande demokrater och socialister att sluta upp bakom kravet Sverige ut ur EU p\u00e5 1:a maj. En arbetarnas dag, genomsyrad av socialism och internationell solidaritet, vilken g\u00e5r stick i st\u00e4v med EU:s h\u00f6gerpolitik. L\u00e5t det f\u00f6rbli s\u00e5 och v\u00e4l m\u00f6tt den 1 maj!<\/p>\n<p>Olof Hultman<br \/>\nKPML(r), V\u00e4xj\u00f6<\/p>\n","protected":false},"excerpt":{"rendered":"<p>Publicerad i SMP 010424 Drygt tv\u00e5 m\u00e5nader \u00e4r kvar av Sveriges ordf\u00f6randeskap i den Europeiska Unionen. Minist\u00e4rerna i Perssons regering verkar trivas eftersom det \u00e4r nu de ska \u00f6vervinna de &#8221;tjuriga&#8221; svenskarna om att EU f\u00f6der n\u00e5got gott med sig. Intet d\u00e5. EU \u00e4r i grunden ett folkfientligt projekt som inte tar h\u00e4nsyn till n\u00e5gon [&hellip;]<\/p>\n","protected":false},"author":1,"featured_media":0,"comment_status":"closed","ping_status":"closed","sticky":false,"template":"","format":"standard","meta":[],"categories":[5],"tags":[],"_links":{"self":[{"href":"https:\/\/kvaxjo.se\/index.php?rest_route=\/wp\/v2\/posts\/9"}],"collection":[{"href":"https:\/\/kvaxjo.se\/index.php?rest_route=\/wp\/v2\/posts"}],"about":[{"href":"https:\/\/kvaxjo.se\/index.php?rest_route=\/wp\/v2\/types\/post"}],"author":[{"embeddable":true,"href":"https:\/\/kvaxjo.se\/index.php?rest_route=\/wp\/v2\/users\/1"}],"replies":[{"embeddable":true,"href":"https:\/\/kvaxjo.se\/index.php?rest_route=%2Fwp%2Fv2%2Fcomments&post=9"}],"version-history":[{"count":1,"href":"https:\/\/kvaxjo.se\/index.php?rest_route=\/wp\/v2\/posts\/9\/revisions"}],"predecessor-version":[{"id":476,"href":"https:\/\/kvaxjo.se\/index.php?rest_route=\/wp\/v2\/posts\/9\/revisions\/476"}],"wp:attachment":[{"href":"https:\/\/kvaxjo.se\/index.php?rest_route=%2Fwp%2Fv2%2Fmedia&parent=9"}],"wp:term":[{"taxonomy":"category","embeddable":true,"href":"https:\/\/kvaxjo.se\/index.php?rest_route=%2Fwp%2Fv2%2Fcategories&post=9"},{"taxonomy":"post_tag","embeddable":true,"href":"https:\/\/kvaxjo.se\/index.php?rest_route=%2Fwp%2Fv2%2Ftags&post=9"}],"curies":[{"name":"wp","href":"https:\/\/api.w.org\/{rel}","templated":true}]}}