{"id":89,"date":"2004-06-21T23:06:53","date_gmt":"2004-06-21T22:06:53","guid":{"rendered":"http:\/\/lenin.se\/kommunistiskapartiet-ny\/2004\/06\/21\/lo-forvirrat\/"},"modified":"2008-11-25T08:51:35","modified_gmt":"2008-11-25T06:51:35","slug":"lo-forvirrat","status":"publish","type":"post","link":"https:\/\/kvaxjo.se\/?p=89","title":{"rendered":"LO f\u00f6rvirrat?"},"content":{"rendered":"<p><em>Refuserad av Sm\u00e5landsposten, inskickad 2004-06-21<\/em><\/p>\n<p>I LOs riktlinjer inf\u00f6r kongressen konstateras det att efterfr\u00e5gan p\u00e5 arbetskraft kommer att \u00f6ka, vilket enligt LO-toppen skulle st\u00e4rka fackf\u00f6reningarna. Skulle h\u00f6g efterfr\u00e5gan p\u00e5 dagl\u00f6nare inneb\u00e4ra st\u00e4rkta fackf\u00f6reningar? Innebar importen av slavar till amerika att slavarnas st\u00e4llning mot plantage\u00e4garna st\u00e4rktes? Var det d\u00e4rf\u00f6r som borgerligheten f\u00f6rordade slopade \u00f6verg\u00e5ngsregler f\u00f6r de nya EU-l\u00e4nderna \u0096 f\u00f6r att st\u00e4rka fackf\u00f6reningarna? Vilka dumheter. Det enda som kan st\u00e4rka fackf\u00f6reningarna \u00e4r en \u00f6kad kamp f\u00f6r sina medlemmars intressen, mot kapital\u00e4garnas intressen. LO skall vara ett spr\u00e5kr\u00f6r f\u00f6r medlemmarna inte en megafon f\u00f6r det \u0094socialmoderata\u0094 partiets toppar i kanslihuset. Det m\u00e5ste ta kamp f\u00f6r en politik f\u00f6r full syssels\u00e4ttning. En politik som \u00e4r totalt om\u00f6jlig idag eftersom den strider mot hela EU:s id\u00e9: att fritt kunna r\u00f6ra kapital till de l\u00e4nder d\u00e4r det l\u00f6nar sig b\u00e4st samt att fritt kunna importera arbetskraft till de l\u00e4nder d\u00e4r konkurrensen om jobben anses f\u00f6r liten. Allt f\u00f6r att s\u00e4tta press p\u00e5 l\u00f6ner, anst\u00e4llningsvillkor och sociala r\u00e4ttigheter. Vem tj\u00e4nar p\u00e5 denna arbetskraftsimport? Inte svenska arbetare, inte de arbetare som importeras hit till slavl\u00f6ner och inte de l\u00e4nder som dr\u00e4neras p\u00e5 kompetent arbetskraft. Vinsten kommer enbart arbetsgivarna till del. F\u00f6r att kunna tillvarata sina medlemmars och arbetarklassens intressen m\u00e5ste LO arbeta f\u00f6r ett uttr\u00e4de ur EU och dess arbetarfientliga regelverk. Till att b\u00f6rja med m\u00e5ste man s\u00e4tta mer tryck p\u00e5 regeringen f\u00f6r att stoppa arbetsgivarnas planer p\u00e5 l\u00f6nedumpning i samband med EU-utvidgningen.<\/p>\n<p>Tom Carlsson KPML(r)-V\u00e4xj\u00f6<\/p>\n","protected":false},"excerpt":{"rendered":"<p>Refuserad av Sm\u00e5landsposten, inskickad 2004-06-21 I LOs riktlinjer inf\u00f6r kongressen konstateras det att efterfr\u00e5gan p\u00e5 arbetskraft kommer att \u00f6ka, vilket enligt LO-toppen skulle st\u00e4rka fackf\u00f6reningarna. Skulle h\u00f6g efterfr\u00e5gan p\u00e5 dagl\u00f6nare inneb\u00e4ra st\u00e4rkta fackf\u00f6reningar? Innebar importen av slavar till amerika att slavarnas st\u00e4llning mot plantage\u00e4garna st\u00e4rktes? Var det d\u00e4rf\u00f6r som borgerligheten f\u00f6rordade slopade \u00f6verg\u00e5ngsregler f\u00f6r de [&hellip;]<\/p>\n","protected":false},"author":1,"featured_media":0,"comment_status":"closed","ping_status":"closed","sticky":false,"template":"","format":"standard","meta":[],"categories":[5],"tags":[],"_links":{"self":[{"href":"https:\/\/kvaxjo.se\/index.php?rest_route=\/wp\/v2\/posts\/89"}],"collection":[{"href":"https:\/\/kvaxjo.se\/index.php?rest_route=\/wp\/v2\/posts"}],"about":[{"href":"https:\/\/kvaxjo.se\/index.php?rest_route=\/wp\/v2\/types\/post"}],"author":[{"embeddable":true,"href":"https:\/\/kvaxjo.se\/index.php?rest_route=\/wp\/v2\/users\/1"}],"replies":[{"embeddable":true,"href":"https:\/\/kvaxjo.se\/index.php?rest_route=%2Fwp%2Fv2%2Fcomments&post=89"}],"version-history":[{"count":1,"href":"https:\/\/kvaxjo.se\/index.php?rest_route=\/wp\/v2\/posts\/89\/revisions"}],"predecessor-version":[{"id":457,"href":"https:\/\/kvaxjo.se\/index.php?rest_route=\/wp\/v2\/posts\/89\/revisions\/457"}],"wp:attachment":[{"href":"https:\/\/kvaxjo.se\/index.php?rest_route=%2Fwp%2Fv2%2Fmedia&parent=89"}],"wp:term":[{"taxonomy":"category","embeddable":true,"href":"https:\/\/kvaxjo.se\/index.php?rest_route=%2Fwp%2Fv2%2Fcategories&post=89"},{"taxonomy":"post_tag","embeddable":true,"href":"https:\/\/kvaxjo.se\/index.php?rest_route=%2Fwp%2Fv2%2Ftags&post=89"}],"curies":[{"name":"wp","href":"https:\/\/api.w.org\/{rel}","templated":true}]}}