{"id":801,"date":"2009-08-26T14:19:18","date_gmt":"2009-08-26T12:19:18","guid":{"rendered":"http:\/\/kvaxjo.se\/?p=801"},"modified":"2009-09-15T15:42:36","modified_gmt":"2009-09-15T13:42:36","slug":"protester-mot-eu-motet-i-vaxjo-11-13-september","status":"publish","type":"post","link":"https:\/\/kvaxjo.se\/?p=801","title":{"rendered":"Protester mot EU-m\u00f6tet i V\u00e4xj\u00f6 11-13 september"},"content":{"rendered":"<p>Under h\u00f6sten \u00e4r Sverige ordf\u00f6randeland i EU. Detta inneb\u00e4r att ett antal ministerm\u00f6ten \u00e4ger rum i landet. H\u00e4r i V\u00e4xj\u00f6 tr\u00e4ffas EU:s jordbruks- och fiskeministrar f\u00f6r ett informellt toppm\u00f6te helgen 11 \u2013 13 september. Folkr\u00f6relsen NEJ till EU anordnar flera protester och demonstrationer i V\u00e4xj\u00f6 detta veckoslut. Vi i Kommunistiska Partiet uppmanar till deltagande i dessa aktiviteter. <\/p>\n<p>L\u00f6rdagen den 12 september kl. 12.00. Torgm\u00f6te p\u00e5 Speaker\u2019s corner. Arr: Folkr\u00f6relsen NEJ till EU.<\/p>\n<p>S\u00f6ndagen den 13 september kl. 11.00 \u2013 14.30. Seminarium om EU:s jordbrukspolitik. Platsen \u00e4r troligtvis IOGT vid Vattentorget. Arr: Folkr\u00f6relsen NEJ till EU.<\/p>\n<p>S\u00f6ndagen den 13 september kl. 15.00. Demonstration \u201dNEJ till GMO\u201d. Arr: F\u00f6rbundet Sveriges Sm\u00e5brukare. Samling vid Vattentorget.<\/p>\n","protected":false},"excerpt":{"rendered":"<p>L\u00f6rdagen den 12 september kl. 12.00. Torgm\u00f6te p\u00e5 Speaker\u2019s corner. Arr: Folkr\u00f6relsen NEJ till EU.<\/p>\n<p>S\u00f6ndagen den 13 september kl. 11.00 \u2013 14.30. Seminarium om EU:s jordbrukspolitik. Platsen \u00e4r troligtvis IOGT vid Vattentorget. Arr: Folkr\u00f6relsen NEJ till EU.<\/p>\n<p>S\u00f6ndagen den 13 september kl. 15.00. Demonstration \u201dNEJ till GMO\u201d. Arr: F\u00f6rbundet Sveriges Sm\u00e5brukare. Samling vid Vattentorget.<\/p>\n","protected":false},"author":1,"featured_media":0,"comment_status":"open","ping_status":"open","sticky":false,"template":"","format":"standard","meta":[],"categories":[55],"tags":[],"_links":{"self":[{"href":"https:\/\/kvaxjo.se\/index.php?rest_route=\/wp\/v2\/posts\/801"}],"collection":[{"href":"https:\/\/kvaxjo.se\/index.php?rest_route=\/wp\/v2\/posts"}],"about":[{"href":"https:\/\/kvaxjo.se\/index.php?rest_route=\/wp\/v2\/types\/post"}],"author":[{"embeddable":true,"href":"https:\/\/kvaxjo.se\/index.php?rest_route=\/wp\/v2\/users\/1"}],"replies":[{"embeddable":true,"href":"https:\/\/kvaxjo.se\/index.php?rest_route=%2Fwp%2Fv2%2Fcomments&post=801"}],"version-history":[{"count":2,"href":"https:\/\/kvaxjo.se\/index.php?rest_route=\/wp\/v2\/posts\/801\/revisions"}],"predecessor-version":[{"id":806,"href":"https:\/\/kvaxjo.se\/index.php?rest_route=\/wp\/v2\/posts\/801\/revisions\/806"}],"wp:attachment":[{"href":"https:\/\/kvaxjo.se\/index.php?rest_route=%2Fwp%2Fv2%2Fmedia&parent=801"}],"wp:term":[{"taxonomy":"category","embeddable":true,"href":"https:\/\/kvaxjo.se\/index.php?rest_route=%2Fwp%2Fv2%2Fcategories&post=801"},{"taxonomy":"post_tag","embeddable":true,"href":"https:\/\/kvaxjo.se\/index.php?rest_route=%2Fwp%2Fv2%2Ftags&post=801"}],"curies":[{"name":"wp","href":"https:\/\/api.w.org\/{rel}","templated":true}]}}