{"id":57,"date":"2003-01-24T12:00:50","date_gmt":"2003-01-24T11:00:50","guid":{"rendered":"http:\/\/lenin.se\/kommunistiskapartiet-ny\/2003\/01\/24\/oppna-sapos-register-atala-de-ansvariga\/"},"modified":"2008-11-25T08:54:47","modified_gmt":"2008-11-25T06:54:47","slug":"oppna-sapos-register-atala-de-ansvariga","status":"publish","type":"post","link":"https:\/\/kvaxjo.se\/?p=57","title":{"rendered":"\u00d6ppna S\u00c4POs register, \u00e5tala de ansvariga"},"content":{"rendered":"<p><em>Publicerad med vissa \u00e4ndringar i V\u00e4xj\u00f6bladet Kronobergaren 030124<\/em><\/p>\n<p>I f\u00f6rra veckans nummer av V\u00e4xj\u00f6bladet\/Kronobergaren kunde vi l\u00e4sa om hur S\u00e4kerhetspolisen, S\u00c4PO, i m\u00e5nga \u00e5r registrerat medlemmarna i Emmaus Bj\u00f6rk\u00e5 som s\u00e4kerhetsrisker. Denna artikel fordrar en kommentar. Grunden f\u00f6r S\u00c4PO:s intresse f\u00f6r Emmaus Bj\u00f6rk\u00e5 s\u00e4gs vara att f\u00f6reningen skulle vara en lokalavdelning inom kommunistiska partiet, KPML(r). Allt enligt de som f\u00e5tt i uppgift att utreda den olagliga \u00e5siktsregistreringen i Sverige, S\u00e4kerhetstj\u00e4nskommissionen. Den bild som framkommer i VK:s artikel \u00e4r att medlemmarna i Emmaus utsatts f\u00f6r ett \u00f6vergrepp, en st\u00e5ndpunkt som undertecknad till fullo delar. D\u00e4remot f\u00e5r man intrycket av artikeln att det skulle vara r\u00e4tt att registrera medlemmar i KPML(r) och andra v\u00e4nsterorganisationer. S\u00e5 \u00e4r det naturligtvis inte!<\/p>\n<p>Sedan 1969 \u00e4r det i svensk lag f\u00f6rbjudet att registrera personer p\u00e5 grund av deras politiska \u00e5sikter. Sedan 1977 \u00e4r dessutom \u00e5siktsregistrering f\u00f6rbjuden enligt grundlagen. Trots detta har alla regeringar, socialdemokratiska s\u00e5v\u00e4l som borgerliga, satt sig \u00f6ver grundlagen och i hemlighet utf\u00e4rdat f\u00f6reskrifter till S\u00c4PO om att \u00e5siktsregistrera utvalda grupper i Sverige. KPML(r) utg\u00f6r den grupp som regeringarna och S\u00c4PO intresserat sig mest f\u00f6r. KPML(r) var den sista grupp som str\u00f6ks fr\u00e5n den hemliga \u00e5siktslistan s\u00e5 sent som 1998, i alla fall om man f\u00e5r tro den utredning som Registern\u00e4mnden presenterade 22 december 1998. Alla som var medlemmar i KPML(r) skulle registreras. Inte f\u00f6r att de misst\u00e4nktes f\u00f6r n\u00e5got brott utan just enbart f\u00f6r att de tillh\u00f6rde ett parti som regeringen och S\u00c4PO inte uppskattade.<\/p>\n<p>I S\u00e4kerhetstj\u00e4nstkommissionens rapport som presenterades dagarna innan jul \u00e4gnas en s\u00e4rskild del \u00e5t just KPML(r) i egenskap av den mest granskade och bevakade gruppen i Sveriges moderna historia. H\u00e4r kan man l\u00e4sa hur S\u00c4PO \u00e5kt p\u00e5 KPML(r):s sommarl\u00e4ger och i smyg spionerat p\u00e5 10-\u00e5ringar som grillat korv i skogen. Man kan l\u00e4sa om hur v\u00e5r partiordf\u00f6randes hemtelefon i tio \u00e5r var utsatt f\u00f6r avlyssning. Det framg\u00e5r \u00e4ven hur S\u00c4PO bevakat offentliga opinionsm\u00f6ten och f\u00f6rt f\u00f6rteckningar \u00f6ver vilka som bes\u00f6kt m\u00f6ten och demonstrationer. Allt i uppenbar strid mot grundlagen. Till\u00e4ggas skall att 30 \u00e5rs intensiv bevakning av KPML(r) inte resulterat i att man noterat ett enda brott! Ja, man har inte ens kunnat finna n\u00e5gon grund f\u00f6r en brottsmisstanke \u00f6verhuvudtaget. Trots detta har bevakningen fortg\u00e5tt, och fortg\u00e5r alltj\u00e4mt f\u00e5r man f\u00f6rmoda. F\u00f6r 1993 tog den borgerliga regering initiativ till att olagligt \u00e5siktsregistrera alla medlemmar i v\u00e5rt d\u00e5 nybildade ungdomsf\u00f6rbund, RKU. S\u00c4PO har allts\u00e5, med regeringarnas goda minne, utsatt svenska 13-\u00e5ringar f\u00f6r olaglig kontroll!<\/p>\n<p>Den statliga S\u00e4kerhetstj\u00e4nstkommissionen konstaterar i sin rapport att regeringarna allt sedan 1969 har brutit mot lagen. Ett brott har allts\u00e5 beg\u00e5tts och d\u00e5 m\u00e5ste en demokratisk r\u00e4ttsstat st\u00e4lla de ansvariga till svars! Brotten under 1970-talet l\u00e4r v\u00e4l vara preskriberade, men inte de som skett under 1990-talet. D\u00e4rf\u00f6r m\u00e5ste de senaste konstaterat ansvariga \u00e5talas. Det \u00e4r statsminister G\u00f6ran Persson, d\u00e5varande justitieminister Laila Freivals samt rikspolischefen Sten Heckscher. Ett \u00f6ppet demokratiskt samh\u00e4lle kr\u00e4ver att alla dess medborgare omfattas av de demokratiska fri- och r\u00e4ttigheterna och att man g\u00e5r till botten med den varb\u00f6ld f\u00f6r demokratin som den olagliga \u00e5siktsregistreringen inneb\u00e4r. Ett anst\u00e4ndigt krav \u00e4r att S\u00c4PO \u00f6ppnar sina arkiv och redovisar vilka som \u00e4r registrerade och p\u00e5 vilka grunder. D\u00e4rp\u00e5 m\u00e5ste de oskyldiga ges full uppr\u00e4ttelse!<\/p>\n<p>Jan-\u00c5ke Karlsson<br \/>\nKommunistiska Partiet &#8211; KPML(r) i V\u00e4xj\u00f6<br \/>\n<em><br \/>\nFotnot. Polisanm\u00e4lan mot G\u00f6ran Person m fl \u00e4r inl\u00e4mnad. S\u00e4kerhetstj\u00e4nstkommissionens rapport finns att l\u00e4sa p\u00e5 <a href=\"http:\/\/justitie.regeringen.se\" target=\"_blank\">http:\/\/justitie.regeringen.se<\/a>.<\/em><\/p>\n","protected":false},"excerpt":{"rendered":"<p>Publicerad med vissa \u00e4ndringar i V\u00e4xj\u00f6bladet Kronobergaren 030124 I f\u00f6rra veckans nummer av V\u00e4xj\u00f6bladet\/Kronobergaren kunde vi l\u00e4sa om hur S\u00e4kerhetspolisen, S\u00c4PO, i m\u00e5nga \u00e5r registrerat medlemmarna i Emmaus Bj\u00f6rk\u00e5 som s\u00e4kerhetsrisker. Denna artikel fordrar en kommentar. Grunden f\u00f6r S\u00c4PO:s intresse f\u00f6r Emmaus Bj\u00f6rk\u00e5 s\u00e4gs vara att f\u00f6reningen skulle vara en lokalavdelning inom kommunistiska partiet, KPML(r). [&hellip;]<\/p>\n","protected":false},"author":1,"featured_media":0,"comment_status":"closed","ping_status":"closed","sticky":false,"template":"","format":"standard","meta":[],"categories":[5],"tags":[],"_links":{"self":[{"href":"https:\/\/kvaxjo.se\/index.php?rest_route=\/wp\/v2\/posts\/57"}],"collection":[{"href":"https:\/\/kvaxjo.se\/index.php?rest_route=\/wp\/v2\/posts"}],"about":[{"href":"https:\/\/kvaxjo.se\/index.php?rest_route=\/wp\/v2\/types\/post"}],"author":[{"embeddable":true,"href":"https:\/\/kvaxjo.se\/index.php?rest_route=\/wp\/v2\/users\/1"}],"replies":[{"embeddable":true,"href":"https:\/\/kvaxjo.se\/index.php?rest_route=%2Fwp%2Fv2%2Fcomments&post=57"}],"version-history":[{"count":1,"href":"https:\/\/kvaxjo.se\/index.php?rest_route=\/wp\/v2\/posts\/57\/revisions"}],"predecessor-version":[{"id":460,"href":"https:\/\/kvaxjo.se\/index.php?rest_route=\/wp\/v2\/posts\/57\/revisions\/460"}],"wp:attachment":[{"href":"https:\/\/kvaxjo.se\/index.php?rest_route=%2Fwp%2Fv2%2Fmedia&parent=57"}],"wp:term":[{"taxonomy":"category","embeddable":true,"href":"https:\/\/kvaxjo.se\/index.php?rest_route=%2Fwp%2Fv2%2Fcategories&post=57"},{"taxonomy":"post_tag","embeddable":true,"href":"https:\/\/kvaxjo.se\/index.php?rest_route=%2Fwp%2Fv2%2Ftags&post=57"}],"curies":[{"name":"wp","href":"https:\/\/api.w.org\/{rel}","templated":true}]}}