{"id":5084,"date":"2026-08-30T23:57:02","date_gmt":"2026-08-30T22:57:02","guid":{"rendered":"https:\/\/kvaxjo.se\/?p=5084"},"modified":"2026-08-30T23:57:02","modified_gmt":"2026-08-30T22:57:02","slug":"valmote-3","status":"publish","type":"post","link":"https:\/\/kvaxjo.se\/?p=5084","title":{"rendered":"Valm\u00f6te"},"content":{"rendered":"\n<p>Varf\u00f6r \u00e4r Palestinafr\u00e5gan viktig i det svenska valet? Vi diskuterar vilka krav som borde ha en plats i valet och valr\u00f6relsen, varf\u00f6r vi reser bojkottkravet, hur man ska se p\u00e5 en enstats- eller tv\u00e5statsl\u00f6sning och varf\u00f6r vi st\u00f6djer den palestinska motst\u00e5ndskampen.<br>Vi ber\u00e4ttar \u00e4ven det senaste fr\u00e5n Palestina och vad som h\u00e4nder i Gaza nu n\u00e4r medias blickar \u00e4r borta.<\/p>\n\n\n\n<p>Jan-\u00c5ke Karlsson, f\u00f6rstanamn p\u00e5 K:s vallista i V\u00e4xj\u00f6 samtalar och diskuterar med Khaled Al Najjar, Solidaritetsgruppen f\u00f6r Palestina i V\u00e4xj\u00f6 (SPV)<\/p>\n\n\n\n<p><strong>Vi \u00e4r vid Kommunistiska Partiets valt\u00e4lt p\u00e5 g\u00e5gatan, n\u00e4ra Speakers corner (utanf\u00f6r Sweedbank).<br>Vi b\u00f6rjar kl 17.00 och h\u00e5ller till ca 18.00<\/strong><\/p>\n\n\n\n<p>V\u00e4lkomna!<\/p>\n\n\n\n<figure class=\"wp-block-image size-large\"><img decoding=\"async\" loading=\"lazy\" width=\"819\" height=\"1024\" src=\"https:\/\/kvaxjo.se\/wordpress\/wordpress\/wp-content\/uploads\/2026\/08\/Valmote-om-Palestina-260902-819x1024.png\" alt=\"\" class=\"wp-image-5085\" srcset=\"https:\/\/kvaxjo.se\/wordpress\/wordpress\/wp-content\/uploads\/2026\/08\/Valmote-om-Palestina-260902-819x1024.png 819w, https:\/\/kvaxjo.se\/wordpress\/wordpress\/wp-content\/uploads\/2026\/08\/Valmote-om-Palestina-260902-240x300.png 240w, https:\/\/kvaxjo.se\/wordpress\/wordpress\/wp-content\/uploads\/2026\/08\/Valmote-om-Palestina-260902-768x960.png 768w, https:\/\/kvaxjo.se\/wordpress\/wordpress\/wp-content\/uploads\/2026\/08\/Valmote-om-Palestina-260902.png 1080w\" sizes=\"(max-width: 819px) 100vw, 819px\" \/><\/figure>\n","protected":false},"excerpt":{"rendered":"<p>Varf\u00f6r \u00e4r Palestinafr\u00e5gan viktig i det svenska valet? Diskussion mellan Jan-\u00c5ke Karlsson (K) och Khaled Al Najjar (SPV). Onsdag 2 sep kl 17 &#8211; 18, valt\u00e4ltet, g\u00e5gatan<\/p>\n","protected":false},"author":2,"featured_media":0,"comment_status":"open","ping_status":"open","sticky":false,"template":"","format":"standard","meta":[],"categories":[3,11],"tags":[777,224,73,1081,1079],"_links":{"self":[{"href":"https:\/\/kvaxjo.se\/index.php?rest_route=\/wp\/v2\/posts\/5084"}],"collection":[{"href":"https:\/\/kvaxjo.se\/index.php?rest_route=\/wp\/v2\/posts"}],"about":[{"href":"https:\/\/kvaxjo.se\/index.php?rest_route=\/wp\/v2\/types\/post"}],"author":[{"embeddable":true,"href":"https:\/\/kvaxjo.se\/index.php?rest_route=\/wp\/v2\/users\/2"}],"replies":[{"embeddable":true,"href":"https:\/\/kvaxjo.se\/index.php?rest_route=%2Fwp%2Fv2%2Fcomments&post=5084"}],"version-history":[{"count":2,"href":"https:\/\/kvaxjo.se\/index.php?rest_route=\/wp\/v2\/posts\/5084\/revisions"}],"predecessor-version":[{"id":5087,"href":"https:\/\/kvaxjo.se\/index.php?rest_route=\/wp\/v2\/posts\/5084\/revisions\/5087"}],"wp:attachment":[{"href":"https:\/\/kvaxjo.se\/index.php?rest_route=%2Fwp%2Fv2%2Fmedia&parent=5084"}],"wp:term":[{"taxonomy":"category","embeddable":true,"href":"https:\/\/kvaxjo.se\/index.php?rest_route=%2Fwp%2Fv2%2Fcategories&post=5084"},{"taxonomy":"post_tag","embeddable":true,"href":"https:\/\/kvaxjo.se\/index.php?rest_route=%2Fwp%2Fv2%2Ftags&post=5084"}],"curies":[{"name":"wp","href":"https:\/\/api.w.org\/{rel}","templated":true}]}}