{"id":49,"date":"2002-08-05T00:50:22","date_gmt":"2002-08-04T23:50:22","guid":{"rendered":"http:\/\/lenin.se\/kommunistiskapartiet-ny\/2002\/08\/05\/lyckad-integration-kraver-fler-jobb\/"},"modified":"2008-11-25T08:59:31","modified_gmt":"2008-11-25T06:59:31","slug":"lyckad-integration-kraver-fler-jobb","status":"publish","type":"post","link":"https:\/\/kvaxjo.se\/?p=49","title":{"rendered":"Lyckad integration kr\u00e4ver fler jobb"},"content":{"rendered":"<p><em>Refuserad av SMP valr\u00f6relsen 2002<\/em><\/p>\n<p>Invandring och integrationspolitik har hamnat i valr\u00f6relsens fokus. Folkpartiets f\u00f6rslag om ett spr\u00e5ktest f\u00f6r att f\u00e5 medborgarskap \u00e4r att skapa oj\u00e4mlika f\u00f6ruts\u00e4ttningar f\u00f6r olika grupper av m\u00e4nniskor. Visst \u00e4r det bra och n\u00f6dv\u00e4ndigt att invandrarna l\u00e4r sig svenska, men idag finns det \u00e4ven m\u00e5nga svenskar som har problem med spr\u00e5ket. Varf\u00f6r bara st\u00e4lla krav p\u00e5 en speciell grupp? Folkpartiet kr\u00e4ver ett godk\u00e4nt spr\u00e5ktest men s\u00e4ger ingenting om att tillf\u00f6ra nya resurser till svenskundervisning. Nyckel till en lyckad integration av invandrare g\u00e5r genom att de f\u00e5r m\u00f6jlighet att l\u00e4ra sig spr\u00e5ket, via skolb\u00e4nken eller via ett jobb och arbetskamrater. Att sedan kr\u00e4va ett godk\u00e4nt spr\u00e5ktest \u00e4r att blanda bort korten fullst\u00e4ndigt i en viktig fr\u00e5ga. Utan m\u00f6jligheter till ett jobb finns inte m\u00f6jligheten till integration.<\/p>\n<p>I dagens Sverige med skyh\u00f6g arbetsl\u00f6shet kr\u00e4vs krafttag f\u00f6r att f\u00e5 in de drygt 360 000 heltidsarbetsl\u00f6sa och de drygt 160 000 deltidsarbetsl\u00f6sa p\u00e5 arbetsmarknaden. (Siffror h\u00e4mtade fr\u00e5n AMS vecka 34.) Men i dagens Sverige \u00e4r inflationsbek\u00e4mpning viktigare \u00e4n full syssels\u00e4ttning, det har EU best\u00e4mt. En lyckad integration kr\u00e4ver att ett bek\u00e4mpande av arbetsl\u00f6sheten m\u00e5ste vara ett h\u00f6gre m\u00e5l \u00e4n inflationsbek\u00e4mpning.<\/p>\n<p>Moderaterna och Folkpartiet f\u00f6rsv\u00e5rar ytterligare integrationen genom att kr\u00e4va en fri arbetskraftsinvandring. Det kan aldrig var brist p\u00e5 arbetskraft n\u00e4r \u00f6ver en halv miljon svenskar g\u00e5r utan arbete. Men h\u00f6gerns krav p\u00e5 fri arbetskraftsinvandring blir begriplig mot bakgrund av att en \u00f6kad invandring leder till fler som konkurrerar om jobben. Arbetsk\u00f6parna kan p\u00e5 s\u00e5 s\u00e4tt pressa tillbaka l\u00f6ner och arbetsvillkor n\u00e4r olika grupper spelas ut mot varandra.<\/p>\n<p>Borgarnas frihet \u00e4r arbetsk\u00f6parnas frihet att importera billig arbetskraft. F\u00f6r den arbetskraft man vill importera ska komma fr\u00e5n \u00d6steuropa d\u00e4r arbetskraften \u00e4r billig och villig att ta jobb till l\u00f6ner helt orimliga f\u00f6r en svensk arbetare. Att det \u00e4r just \u00d6steuropa som st\u00e5r i borgerskapets blickf\u00e5ng \u00e4r l\u00e4tt att inse f\u00f6r redan idag har vi en fri arbetskraftsinvandring genom medlemskapet i EU. De grundpelare EU vilar p\u00e5 omfattar fri r\u00f6rlighet p\u00e5 varor, tj\u00e4nster, kapital och arbetskraft. Men om svenska f\u00f6retag nu har en arbetskraftsbrist varf\u00f6r v\u00e4rvar man d\u00e5 inte arbetskraft i de andra 14 EU-l\u00e4nderna; d\u00e4r finns ju gott om v\u00e4lutbildad arbetskraft samt ett stort arbetskrafts\u00f6verskott, se bara p\u00e5 de h\u00f6ga arbetsl\u00f6shetssiffrorna inom EU? Men nej, h\u00f6gerns krav p\u00e5 fri arbetskraftsimport handlar inte om att det saknas arbetare i Sverige, det handlar om kapitalisternas jakt p\u00e5 nya och st\u00f6rre vinster. Vinster som ska kammas hem genom s\u00e4nkta l\u00f6ner.<\/p>\n<p>Krafttag mot arbetsl\u00f6sheten och integrationsproblemen i Sverige kan inte tas om arbetskraftsimporten sl\u00e4pps fri. F\u00f6ruts\u00e4ttningen f\u00f6r integrationen \u00e4r allas r\u00e4tt till ett arbete och den v\u00e4gen g\u00e5r via att vi delar p\u00e5 jobben och inf\u00f6r sex timmars arbetsdag, s\u00e4nker pensions\u00e5ldern till 60 \u00e5r samt nyanst\u00e4ller alla de inom den offentliga sektorn som sparkades ut under 90-talets s\u00e5 kallade kris\u00e5r!<\/p>\n<p>Jan-\u00c5ke Karlsson<br \/>\nKommunistiska Partiet &#8211; KPML(r) i V\u00e4xj\u00f6<\/p>\n","protected":false},"excerpt":{"rendered":"<p>Refuserad av SMP valr\u00f6relsen 2002 Invandring och integrationspolitik har hamnat i valr\u00f6relsens fokus. Folkpartiets f\u00f6rslag om ett spr\u00e5ktest f\u00f6r att f\u00e5 medborgarskap \u00e4r att skapa oj\u00e4mlika f\u00f6ruts\u00e4ttningar f\u00f6r olika grupper av m\u00e4nniskor. Visst \u00e4r det bra och n\u00f6dv\u00e4ndigt att invandrarna l\u00e4r sig svenska, men idag finns det \u00e4ven m\u00e5nga svenskar som har problem med spr\u00e5ket. [&hellip;]<\/p>\n","protected":false},"author":1,"featured_media":0,"comment_status":"closed","ping_status":"closed","sticky":false,"template":"","format":"standard","meta":[],"categories":[5],"tags":[],"_links":{"self":[{"href":"https:\/\/kvaxjo.se\/index.php?rest_route=\/wp\/v2\/posts\/49"}],"collection":[{"href":"https:\/\/kvaxjo.se\/index.php?rest_route=\/wp\/v2\/posts"}],"about":[{"href":"https:\/\/kvaxjo.se\/index.php?rest_route=\/wp\/v2\/types\/post"}],"author":[{"embeddable":true,"href":"https:\/\/kvaxjo.se\/index.php?rest_route=\/wp\/v2\/users\/1"}],"replies":[{"embeddable":true,"href":"https:\/\/kvaxjo.se\/index.php?rest_route=%2Fwp%2Fv2%2Fcomments&post=49"}],"version-history":[{"count":1,"href":"https:\/\/kvaxjo.se\/index.php?rest_route=\/wp\/v2\/posts\/49\/revisions"}],"predecessor-version":[{"id":464,"href":"https:\/\/kvaxjo.se\/index.php?rest_route=\/wp\/v2\/posts\/49\/revisions\/464"}],"wp:attachment":[{"href":"https:\/\/kvaxjo.se\/index.php?rest_route=%2Fwp%2Fv2%2Fmedia&parent=49"}],"wp:term":[{"taxonomy":"category","embeddable":true,"href":"https:\/\/kvaxjo.se\/index.php?rest_route=%2Fwp%2Fv2%2Fcategories&post=49"},{"taxonomy":"post_tag","embeddable":true,"href":"https:\/\/kvaxjo.se\/index.php?rest_route=%2Fwp%2Fv2%2Ftags&post=49"}],"curies":[{"name":"wp","href":"https:\/\/api.w.org\/{rel}","templated":true}]}}