{"id":47,"date":"2002-08-01T00:41:55","date_gmt":"2002-07-31T23:41:55","guid":{"rendered":"http:\/\/lenin.se\/kommunistiskapartiet-ny\/2002\/08\/01\/moderat-rasism\/"},"modified":"2002-08-01T00:41:55","modified_gmt":"2002-07-31T23:41:55","slug":"moderat-rasism","status":"publish","type":"post","link":"https:\/\/kvaxjo.se\/?p=47","title":{"rendered":"Moderat rasism!"},"content":{"rendered":"<p><em>Refuserad av SMP valr\u00f6relsen 2002<\/em><\/p>\n<p>S\u00e5 har d\u00e5 ledande moderata politiker visat upp sina rasistiska och fr\u00e4mlingsfientliga \u00e5sikter. Uppdrag Granskning visade att dagens politiker g\u00f6r vad som helst f\u00f6r att f\u00e5 r\u00f6ster. Ingen kan s\u00e4ga att det \u00e4r en tillf\u00e4llighet att 17 av 17 granskade moderater hetsar mot invandrare i sina valstugor. Deras uttalanden \u00e4r en konsekvens av moderaternas r\u00f6stfiskande i grumliga vatten d\u00e4r b\u00e5de spr\u00e5ktest och krav p\u00e5 kunskaper om svenska v\u00e4rderingar ska st\u00e4llas p\u00e5 invandrarna. Moderaterna och folkpartiet har f\u00f6rs\u00f6kt g\u00f6ra integrationspolitiken till en huvudfr\u00e5ga i \u00e5rets val. Man talar om str\u00e4ngare krav p\u00e5 invandrarna men s\u00e4ger ingenting om att ge \u00f6kade resurser till svenskundervisning eller hur man ska bek\u00e4mpa den h\u00f6ga arbetsl\u00f6sheten. Och det \u00e4r mycket allvarligt, f\u00f6r en lyckad integration kan endast uppn\u00e5s genom att alla ges m\u00f6jlighet att komma in p\u00e5 arbetsmarknaden. H\u00f6gern i Sverige m\u00e5ste h\u00f6ja sin analysf\u00f6rm\u00e5ga och l\u00e4mna de enkla l\u00f6sningarna, som endast leder in i fr\u00e4mlingfientlighetens avskyv\u00e4rda tr\u00e4sk. Att sedan v\u00e4xj\u00f6moderaten Anders G H\u00f6gmark figurerar i detta m\u00f6rka sammanhang \u00e4r djup beklagligt och borde leda till eftertanke hos v\u00e4ljarna.<\/p>\n<p>Jan-\u00c5ke Karlsson<br \/>\nKommunistiska Partiet &#8211; KPML(r) i V\u00e4xj\u00f6<\/p>\n","protected":false},"excerpt":{"rendered":"<p>Refuserad av SMP valr\u00f6relsen 2002 S\u00e5 har d\u00e5 ledande moderata politiker visat upp sina rasistiska och fr\u00e4mlingsfientliga \u00e5sikter. Uppdrag Granskning visade att dagens politiker g\u00f6r vad som helst f\u00f6r att f\u00e5 r\u00f6ster. Ingen kan s\u00e4ga att det \u00e4r en tillf\u00e4llighet att 17 av 17 granskade moderater hetsar mot invandrare i sina valstugor. Deras uttalanden \u00e4r [&hellip;]<\/p>\n","protected":false},"author":1,"featured_media":0,"comment_status":"closed","ping_status":"closed","sticky":false,"template":"","format":"standard","meta":[],"categories":[5],"tags":[],"_links":{"self":[{"href":"https:\/\/kvaxjo.se\/index.php?rest_route=\/wp\/v2\/posts\/47"}],"collection":[{"href":"https:\/\/kvaxjo.se\/index.php?rest_route=\/wp\/v2\/posts"}],"about":[{"href":"https:\/\/kvaxjo.se\/index.php?rest_route=\/wp\/v2\/types\/post"}],"author":[{"embeddable":true,"href":"https:\/\/kvaxjo.se\/index.php?rest_route=\/wp\/v2\/users\/1"}],"replies":[{"embeddable":true,"href":"https:\/\/kvaxjo.se\/index.php?rest_route=%2Fwp%2Fv2%2Fcomments&post=47"}],"version-history":[{"count":0,"href":"https:\/\/kvaxjo.se\/index.php?rest_route=\/wp\/v2\/posts\/47\/revisions"}],"wp:attachment":[{"href":"https:\/\/kvaxjo.se\/index.php?rest_route=%2Fwp%2Fv2%2Fmedia&parent=47"}],"wp:term":[{"taxonomy":"category","embeddable":true,"href":"https:\/\/kvaxjo.se\/index.php?rest_route=%2Fwp%2Fv2%2Fcategories&post=47"},{"taxonomy":"post_tag","embeddable":true,"href":"https:\/\/kvaxjo.se\/index.php?rest_route=%2Fwp%2Fv2%2Ftags&post=47"}],"curies":[{"name":"wp","href":"https:\/\/api.w.org\/{rel}","templated":true}]}}