{"id":255,"date":"2008-09-27T21:50:09","date_gmt":"2008-09-27T20:50:09","guid":{"rendered":"http:\/\/lenin.se\/kommunistiskapartiet\/?p=261"},"modified":"2008-11-25T03:37:48","modified_gmt":"2008-11-25T01:37:48","slug":"offentligt-mote-om-lissabonfordraget","status":"publish","type":"post","link":"https:\/\/kvaxjo.se\/?p=255","title":{"rendered":"Offentligt m\u00f6te om Lissabonf\u00f6rdraget"},"content":{"rendered":"<p>Riksdagsledam\u00f6terna fr\u00e5n Kronoberg kommer att utfr\u00e5gas om sin syn p\u00e5 Lissabonf\u00f6rdraget och om hur<br \/>\nde kommer att r\u00f6sta i riksdagen.<\/p>\n<p><strong>M\u00e5ndagen den 27 oktober 2008 klockan 18.30 i Galaxen, Stadsbiblioteket.<\/strong><\/p>\n<p>Lissabonf\u00f6rdraget ska r\u00f6stas igenom i slutet av \u00e5ret i Sveriges riksdag. Utan folkomr\u00f6stning och med ett inneh\u00e5ll som \u00e4r till 96 % detsamma som v\u00e4ljarna i Frankrike och Nederl\u00e4nderna r\u00f6stat nej till tidigare. Lissabonf\u00f6rdraget \u00e4r en enorm makt\u00f6verf\u00f6ring till EU p\u00e5 en m\u00e4ngd viktiga politiska omr\u00e5den.<\/p>\n<p>Samtliga riksdagspartier kommer att bjudas in och riksdagsledam\u00f6ter fr\u00e5n varje parti ska utfr\u00e5gas om sin syn p\u00e5 f\u00f6rdraget och framf\u00f6r allt klarg\u00f6ra f\u00f6r v\u00e4ljarna hur de kommer att r\u00f6sta. Detta \u00e4r s\u00e5 viktigt eftersom det r\u00e4cker med att 88 riksdagsledam\u00f6ter r\u00f6star emot f\u00f6rdraget s\u00e5 kommer det att falla. Riksdagen m\u00e5ste ta detta beslut med \u00be-majoritet. Det finns allts\u00e5 en reell m\u00f6jlighet att hindra att f\u00f6rdraget antas och varje ledamot i riksdagen m\u00e5ste inf\u00f6r sina v\u00e4ljare f\u00f6rklara sin st\u00e5ndpunkt.<\/p>\n<p>Eva-Britt Svensson fr\u00e5n Folkr\u00f6relsen Nej till EU-V\u00e4xj\u00f6 och riksorganisationen kommer att leda utfr\u00e5gningen.<\/p>\n","protected":false},"excerpt":{"rendered":"<p>Riksdagsledam\u00f6terna fr\u00e5n Kronoberg kommer att utfr\u00e5gas om sin syn p\u00e5 Lissabonf\u00f6rdraget och om hur de kommer att r\u00f6sta i riksdagen. M\u00e5ndagen den 27 oktober 2008 klockan 18.30 i Galaxen, Stadsbiblioteket. Lissabonf\u00f6rdraget ska r\u00f6stas igenom i slutet av \u00e5ret i Sveriges riksdag. Utan folkomr\u00f6stning och med ett inneh\u00e5ll som \u00e4r till 96 % detsamma som v\u00e4ljarna [&hellip;]<\/p>\n","protected":false},"author":1,"featured_media":0,"comment_status":"closed","ping_status":"closed","sticky":false,"template":"","format":"standard","meta":[],"categories":[55],"tags":[33,37,38],"_links":{"self":[{"href":"https:\/\/kvaxjo.se\/index.php?rest_route=\/wp\/v2\/posts\/255"}],"collection":[{"href":"https:\/\/kvaxjo.se\/index.php?rest_route=\/wp\/v2\/posts"}],"about":[{"href":"https:\/\/kvaxjo.se\/index.php?rest_route=\/wp\/v2\/types\/post"}],"author":[{"embeddable":true,"href":"https:\/\/kvaxjo.se\/index.php?rest_route=\/wp\/v2\/users\/1"}],"replies":[{"embeddable":true,"href":"https:\/\/kvaxjo.se\/index.php?rest_route=%2Fwp%2Fv2%2Fcomments&post=255"}],"version-history":[{"count":1,"href":"https:\/\/kvaxjo.se\/index.php?rest_route=\/wp\/v2\/posts\/255\/revisions"}],"predecessor-version":[{"id":343,"href":"https:\/\/kvaxjo.se\/index.php?rest_route=\/wp\/v2\/posts\/255\/revisions\/343"}],"wp:attachment":[{"href":"https:\/\/kvaxjo.se\/index.php?rest_route=%2Fwp%2Fv2%2Fmedia&parent=255"}],"wp:term":[{"taxonomy":"category","embeddable":true,"href":"https:\/\/kvaxjo.se\/index.php?rest_route=%2Fwp%2Fv2%2Fcategories&post=255"},{"taxonomy":"post_tag","embeddable":true,"href":"https:\/\/kvaxjo.se\/index.php?rest_route=%2Fwp%2Fv2%2Ftags&post=255"}],"curies":[{"name":"wp","href":"https:\/\/api.w.org\/{rel}","templated":true}]}}