{"id":1774,"date":"2011-09-18T22:32:10","date_gmt":"2011-09-18T21:32:10","guid":{"rendered":"http:\/\/kvaxjo.se\/?p=1774"},"modified":"2011-09-18T22:32:10","modified_gmt":"2011-09-18T21:32:10","slug":"oppet-brev-till-vansterpartiet","status":"publish","type":"post","link":"https:\/\/kvaxjo.se\/?p=1774","title":{"rendered":"\u00d6ppet brev till V\u00e4nsterpartiet"},"content":{"rendered":"<h1>\u201d<strong>H\u00e5ll fast vid EU-motst\u00e5ndet\u201d<\/strong><\/h1>\n<p>I Sverige och \u00f6vriga Skandinavien har EU-motst\u00e5ndet sedan begynnelsen burits fram av v\u00e4nstern, p\u00e5 en demokratisk och antikapitalistisk plattform. Det skiljer p\u00e5 ett positivt s\u00e4tt v\u00e5ra l\u00e4nder fr\u00e5n flertalet andra l\u00e4nder inom EU, d\u00e4r en f\u00f6rment EU-kritisk v\u00e4nster bejakat EU-projektet och d\u00e4rmed l\u00e4mnat motst\u00e5ndet till grumligt nationalistiska och rasistiska krafter.<\/p>\n<p>Dessv\u00e4rre har Milj\u00f6partiet nu \u00f6vergivit det uttr\u00e4deskrav som \u00e4r det konsekventa EU-motst\u00e5ndets n\u00f6dv\u00e4ndiga position och f\u00e5r programkommissionen som den vill st\u00e5r V\u00e4nsterpartiet i begrepp att g\u00f6ra detsamma. Det \u00e4r mycket allvarligt, d\u00e5 ett svek mot uttr\u00e4deskravet l\u00e4mnar Sverigedemokraterna som enda riksdagsalternativ f\u00f6r den breda opinion som vill l\u00e4mna EU.<\/p>\n<p>Vi v\u00e4djar d\u00e4rf\u00f6r till V\u00e4nsterpartiets alla organisationer och medlemmar att besinna sitt ansvar. M\u00e5 vara att uttr\u00e4deskravet inte \u00e4r opportunt i den politiska maktens korridorer, men det lever i folkdjupet och det m\u00e5ste som hittills kanaliseras i progressiva banor, annars finns risk f\u00f6r att EU-motst\u00e5ndet f\u00f6rsumpas i nationalism och fr\u00e4mlingsfientlighet.<br \/>\nEU-motst\u00e5ndet \u00e4r och m\u00e5ste vara principiellt, m\u00e5ste rikta sig mot EU som en konstruktion f\u00f6r det europeiska monopolkapitalets imperialistiska str\u00e4vanden, d\u00e4r kapitalets frihet alltid g\u00e5r f\u00f6re v\u00e4lf\u00e4rd, arbetarr\u00e4tt, full syssels\u00e4ttning och demokrati. EU-motst\u00e5ndet kan inte och f\u00e5r inte f\u00f6rvandlas till en dagsl\u00e4nda, d\u00e4r uttr\u00e4det skjuts p\u00e5 obest\u00e4md framtid till f\u00f6rm\u00e5n f\u00f6r illusoriska reformprojekt.<\/p>\n<p>Vi f\u00f6rst\u00e5r att V\u00e4nsterpartiet vill g\u00f6ra det b\u00e4sta m\u00f6jliga av det medlemskap som \u00e4r ett faktum. Men politisk kamp inom EU kr\u00e4ver inte acceptans av projektet som s\u00e5dant. Uttr\u00e4deskravet har inte utgjort och utg\u00f6r inget hinder f\u00f6r den aktiva EU-politik som V\u00e4nsterpartiet f\u00f6retr\u00e4tt i EU-parlamentet. F\u00f6rslaget att stryka kravet kan d\u00e4rmed bara utg\u00e5 fr\u00e5n en mjukryggad str\u00e4van att vara det svenska EU-etablissemanget och inte minst den socialdemokratiska samarbetspartnern till lags.<\/p>\n<p>\u00a0Fr\u00e5gan som m\u00e5ste st\u00e4llas \u00e4r p\u00e5 vad s\u00e4tt EU-projektet har \u00e4ndrat karakt\u00e4r sedan folkomr\u00f6stningen 1994, d\u00e5 V\u00e4nsterpartiet sa nej till svenskt medlemskap?<br \/>\n* Har den nyliberala marknadsfundamentalismen ersatts av en politik f\u00f6r v\u00e4lf\u00e4rd och full syssels\u00e4ttning? Har EU blivit r\u00f6dare?<br \/>\n* Har medborgarna i Sverige och andra EU-l\u00e4nder f\u00e5tt \u00f6kat inflytande \u00f6ver samh\u00e4llsutvecklingen? Har EU demokratiserats?<br \/>\n* Inneb\u00e4r Lissabonf\u00f6rdragets solidaritetsklausul att militariseringen av EU inte l\u00e4ngre utg\u00f6r en faran f\u00f6r svensk alliansfrihet?<br \/>\n* Har den federalistiska utvecklingen hejdats genom att medlemsl\u00e4nderna \u00e5tertagit makt fr\u00e5n EU?<br \/>\n* Inneb\u00e4r Lavaldomen att de p\u00e5st\u00e5dda garantierna f\u00f6r att EU inte hotar den svenska arbetsmarknadsmodellen har infriats?<br \/>\nDenna fr\u00e5gelista kan g\u00f6ras hur l\u00e5ng som helst. Men det \u00e4r inte n\u00f6dv\u00e4ndigt. F\u00f6r alla svar s\u00e4ger samma sak. I inget enda avseende har EU sedan det svenska intr\u00e4det utvecklats i progressiv riktning. I st\u00e4llet st\u00e5r det i dag \u00e4nnu mer klart att EU utg\u00f6r ett hot mot demokrati, gemensam v\u00e4lf\u00e4rd och arbetarr\u00e4tt. EU \u00e4r och f\u00f6rblir kapitalens gemenskap, inte folkens.<\/p>\n<p>Internationellt samarbete \u00e4r bra. Men v\u00e4rlden \u00e4r st\u00f6rre \u00e4n EU, som vi p\u00e5 nejsidan sa inf\u00f6r folkomr\u00f6stningen. Att l\u00e4mna EU inneb\u00e4r inte isolationism, utan tv\u00e4rtom st\u00f6rre \u00f6ppenhet gentemot \u00f6vriga delar v\u00e4rlden, d\u00e4r Sverige r\u00f6st i dag tystnat genom den munkavle som den gemensamma utrikespolitiken l\u00e4gger p\u00e5 sm\u00e5 l\u00e4nder.<br \/>\nI st\u00e4llet f\u00f6r solidaritet med fattiga l\u00e4nder har vi med EU f\u00e5tt deltagande i imperialismens krig.<\/p>\n<p>Kommunistiska Partiet och V\u00e4nsterpartiet \u00e4r oense i m\u00e5nga fr\u00e5gor. Men om EU har vi varit \u00f6verens och i EU-motst\u00e5ndet har vi haft ett fruktbart samarbete alltsedan folkomr\u00f6stningskampanjen. F\u00f6r v\u00e5r del har vi sett det som en styrka att det v\u00e4nsterinriktade EU-motst\u00e5ndet haft f\u00f6retr\u00e4dare ocks\u00e5 i riksdagen och vi ser det d\u00e4rf\u00f6r som ytterst allvarligt om V\u00e4nsterpartiet faller till f\u00f6ga f\u00f6r den mj\u00e4kiga EU-kritik som i \u00f6vriga EU gett h\u00f6gerpopulister m\u00f6jlighet att exploatera det folkliga EU-motst\u00e5ndet.\u00a0<br \/>\nV\u00e5r v\u00e4djande uppmaning \u00e4r: Svik inte EU-motst\u00e5ndet. H\u00e5ll fast vid uttr\u00e4deskravet! Sverige ut ur EU!<\/p>\n<p>Kommunistiska Partiet genom Anders Carlsson, ordf\u00f6rande<\/p>\n<p>\u00a0<em>Brevet har bl.a. publicerats p\u00e5 Aftonbladet debatt<\/em><\/p>\n","protected":false},"excerpt":{"rendered":"<p>V:s programkommission vill att kravet &#8221;Sverige ut ur EU&#8221; ska strykas till V:s partiprogram. Med anledning av detta har Kommunistiska partiet skrivit ett \u00f6ppet brev till V\u00e4nsterpartiet. L\u00e4s det viktiga inneh\u00e5llet h\u00e4r!<\/p>\n","protected":false},"author":2,"featured_media":0,"comment_status":"open","ping_status":"open","sticky":false,"template":"","format":"standard","meta":[],"categories":[4],"tags":[],"_links":{"self":[{"href":"https:\/\/kvaxjo.se\/index.php?rest_route=\/wp\/v2\/posts\/1774"}],"collection":[{"href":"https:\/\/kvaxjo.se\/index.php?rest_route=\/wp\/v2\/posts"}],"about":[{"href":"https:\/\/kvaxjo.se\/index.php?rest_route=\/wp\/v2\/types\/post"}],"author":[{"embeddable":true,"href":"https:\/\/kvaxjo.se\/index.php?rest_route=\/wp\/v2\/users\/2"}],"replies":[{"embeddable":true,"href":"https:\/\/kvaxjo.se\/index.php?rest_route=%2Fwp%2Fv2%2Fcomments&post=1774"}],"version-history":[{"count":4,"href":"https:\/\/kvaxjo.se\/index.php?rest_route=\/wp\/v2\/posts\/1774\/revisions"}],"predecessor-version":[{"id":1778,"href":"https:\/\/kvaxjo.se\/index.php?rest_route=\/wp\/v2\/posts\/1774\/revisions\/1778"}],"wp:attachment":[{"href":"https:\/\/kvaxjo.se\/index.php?rest_route=%2Fwp%2Fv2%2Fmedia&parent=1774"}],"wp:term":[{"taxonomy":"category","embeddable":true,"href":"https:\/\/kvaxjo.se\/index.php?rest_route=%2Fwp%2Fv2%2Fcategories&post=1774"},{"taxonomy":"post_tag","embeddable":true,"href":"https:\/\/kvaxjo.se\/index.php?rest_route=%2Fwp%2Fv2%2Ftags&post=1774"}],"curies":[{"name":"wp","href":"https:\/\/api.w.org\/{rel}","templated":true}]}}