{"id":16,"date":"2001-10-02T19:43:49","date_gmt":"2001-10-02T18:43:49","guid":{"rendered":"http:\/\/lenin.se\/kommunistiskapartiet-ny\/2001\/10\/02\/fordom-israels-ockupation-av-palestina\/"},"modified":"2008-11-25T09:07:40","modified_gmt":"2008-11-25T07:07:40","slug":"fordom-israels-ockupation-av-palestina","status":"publish","type":"post","link":"https:\/\/kvaxjo.se\/?p=16","title":{"rendered":"F\u00f6rd\u00f6m Israels ockupation av Palestina"},"content":{"rendered":"<p><em>Refuserad av SMP i oktober 2001<\/em><\/p>\n<p>Terrord\u00e5den i USA har lagt sordin p\u00e5 \u00f6vriga nyheter &#8211; inte minst utrikesnyheterna, och d\u00e4rmed ocks\u00e5 rapporteringen av oroligheterna i Israel och Palestina som p\u00e5 senare tid g\u00e5tt in i allt mer kritiskt skede. Ett \u00e5r har nu g\u00e5tt sedan det palestinska upproret &#8211; intifadan &#8211; inleddes. Ett uppror som de israeliska, men \u00e4ven till viss del \u00e4ven de palestinskt sj\u00e4lvstyrande myndigheterna etiketterar som terror riktad mot staten Israel.<br \/>\nMen vad i ligger terrorn n\u00e4r man ser stenkastande palestinska ungdomar som k\u00e4mpar mot det israeliska f\u00f6rtrycket, illustrerat av milit\u00e4ra pansarfordon och helikopterattacker? Vad i ligger terrorn hos de palestinier som anser sig ha r\u00e4tt till de omr\u00e5den som av FN anstiftats som palestinskt sj\u00e4lvstyrande terrietorier (Gaza, V\u00e4stbanken och Golan) och som hems\u00f6ks av judiska bos\u00e4ttare? Staten Israels existens bygger p\u00e5 den sionistiska tanken om en judisk stat. D\u00e4rav det som verkligen b\u00f6r, och skall etiketteras som terrorism n\u00e4mligen ockupationen av palestinskt territorium och f\u00f6rtrycket av palestinier. F\u00f6r att \u00f6verhuvudtaget Israel ska \u00f6verleva som stat ser den endast till sina, det vill s\u00e4ga till den judiska befolkningens intressen och inte till den palestinska. Israels territoriella anspr\u00e5k kan endast vinnas p\u00e5 bekostnad av de palestinska territorierna. Den &#8221;etniska rensningen&#8221; av palestinier, vilket \u00e4r ett m\u00f6nster \u00e4nda sedan Israels grundande och om inte alltid f\u00f6rintelse s\u00e5 i vart fall f\u00f6rdrivelse som till\u00e5ts fortg\u00e5 med omv\u00e4rldens erk\u00e4nnande av Israel. Hundratusentals, och \u00e5ter hundratusentals palestininier har satts p\u00e5 flykten fr\u00e5n sitt hemland Palestina. Generationer av palestinier har sedan dess vuxit upp i flyktingl\u00e4ger eller funnit en fristad i n\u00e5got tryggare land. Kvar stod, och st\u00e5r fortfarande staten Israel som s\u00e4gs vara Mellan\u00f6sterns enda demokrati f\u00f6r att tala i de v\u00e4stliga demokratiernas namn. Men det \u00e4r inte sant.<br \/>\nEn fr\u00e5ga m\u00e5ste inst\u00e4lla sig: Det \u00e4r fr\u00e5gan om terroranstiftaren och den politiska provokat\u00f6ren, tillika Israels premi\u00e4rmininster, Ariel Sharon. Varf\u00f6r har inte denna slaktare och b\u00f6del av de massakerade libanesiska flyktingl\u00e4grena Shabra och Shatila 1982 (vilket g\u00f6r honom till krigsf\u00f6rbrytare av h\u00f6gsta rang) och ansvarig f\u00f6r den fortsatta terrron mot palestinierna st\u00e4llts inf\u00f6r r\u00e4tta? N\u00e4, av det enkla sk\u00e4let att han sitter som premi\u00e4rminister i en stat, i detta fallet staten Israel som backas upp av allierade som USA och EU. Detta \u00e4r ett faktum som \u00e4r beklagligt n\u00e4r vi \u00e5mminer oss om f\u00f6rsommarens gripande av Slobodan Milosevic som kunde gripas i \u00e4mbetet som styrande president och st\u00e4llas inf\u00f6r r\u00e4tta. En efterlysning m\u00e5ste \u00e4ven g\u00e5 ut i fallet Sharon; israelisk folkm\u00f6rdare av den palestinska befolkningen. Men det kommer inte att ske med USAs drivkraft. Vad v\u00e4ntar krigsf\u00f6rbrytartribunalen p\u00e5 eller \u00e4r den styrd av amerikanska intressen? S\u00e5 tycks onekligen vara fallet n\u00e4r man selektivt griper krigsf\u00f6rbrytare p\u00e5 s\u00e5 s\u00e4tt som har skett.<br \/>\nEtt f\u00f6rd\u00f6mmande av Israels ockupation m\u00e5ste \u00e5nyo aktualiseras och visas i aktiv handling. Att inte visa sitt st\u00f6d f\u00f6r uppr\u00e4ttandet av ett fritt demokratiskt Paletsina \u00e4r att f\u00f6rtr\u00e4nga den djupt or\u00e4ttvisa v\u00e4rldsordning som r\u00e5der och det motst\u00e5nd som bjuds mot den r\u00e5dande ordningen, kanske mest tydligast i Palestina. D\u00e4rf\u00f6r besitter palestinerna r\u00e4tten att sl\u00e5 tillbaka den israeliska ockupationsmakten och om inte alltid med samma, s\u00e5 i alla fall med r\u00e4ttf\u00e4rdiga mynt.<\/p>\n<p>Olof Hultman<br \/>\nKommunistiska Partiet &#8211; KPML(r)-V\u00e4xj\u00f6<\/p>\n","protected":false},"excerpt":{"rendered":"<p>Refuserad av SMP i oktober 2001 Terrord\u00e5den i USA har lagt sordin p\u00e5 \u00f6vriga nyheter &#8211; inte minst utrikesnyheterna, och d\u00e4rmed ocks\u00e5 rapporteringen av oroligheterna i Israel och Palestina som p\u00e5 senare tid g\u00e5tt in i allt mer kritiskt skede. Ett \u00e5r har nu g\u00e5tt sedan det palestinska upproret &#8211; intifadan &#8211; inleddes. Ett uppror [&hellip;]<\/p>\n","protected":false},"author":1,"featured_media":0,"comment_status":"closed","ping_status":"closed","sticky":false,"template":"","format":"standard","meta":[],"categories":[5],"tags":[],"_links":{"self":[{"href":"https:\/\/kvaxjo.se\/index.php?rest_route=\/wp\/v2\/posts\/16"}],"collection":[{"href":"https:\/\/kvaxjo.se\/index.php?rest_route=\/wp\/v2\/posts"}],"about":[{"href":"https:\/\/kvaxjo.se\/index.php?rest_route=\/wp\/v2\/types\/post"}],"author":[{"embeddable":true,"href":"https:\/\/kvaxjo.se\/index.php?rest_route=\/wp\/v2\/users\/1"}],"replies":[{"embeddable":true,"href":"https:\/\/kvaxjo.se\/index.php?rest_route=%2Fwp%2Fv2%2Fcomments&post=16"}],"version-history":[{"count":1,"href":"https:\/\/kvaxjo.se\/index.php?rest_route=\/wp\/v2\/posts\/16\/revisions"}],"predecessor-version":[{"id":474,"href":"https:\/\/kvaxjo.se\/index.php?rest_route=\/wp\/v2\/posts\/16\/revisions\/474"}],"wp:attachment":[{"href":"https:\/\/kvaxjo.se\/index.php?rest_route=%2Fwp%2Fv2%2Fmedia&parent=16"}],"wp:term":[{"taxonomy":"category","embeddable":true,"href":"https:\/\/kvaxjo.se\/index.php?rest_route=%2Fwp%2Fv2%2Fcategories&post=16"},{"taxonomy":"post_tag","embeddable":true,"href":"https:\/\/kvaxjo.se\/index.php?rest_route=%2Fwp%2Fv2%2Ftags&post=16"}],"curies":[{"name":"wp","href":"https:\/\/api.w.org\/{rel}","templated":true}]}}