{"id":151,"date":"2006-08-01T00:28:32","date_gmt":"2006-07-31T23:28:32","guid":{"rendered":"http:\/\/lenin.se\/kommunistiskapartiet\/2006\/08\/01\/protestmote-mot-israels-terror\/"},"modified":"2009-01-06T05:48:11","modified_gmt":"2009-01-06T03:48:11","slug":"protestmote-mot-israels-terror","status":"publish","type":"post","link":"https:\/\/kvaxjo.se\/?p=151","title":{"rendered":"Protestm\u00f6te mot Israels krig samlade 200 personer p\u00e5 Speakers corner"},"content":{"rendered":"<p>Jan-\u00c5ke Karlsson och Zeinab Koubaissi, som tillsammans tagit initiativet till protestm\u00f6tet, talade och Luis Rivera spelade fredss\u00e5nger.<\/p>\n<p>Deltagarantalet blev s\u00e5 stort att det best\u00e4mdes att ytterligare ett protestm\u00f6te skulle \u00e4ga rum dagen efter. Detta m\u00f6te samlande 150 personer.<\/p>\n<p>De samlande parollerna f\u00f6r protesterna var: \u0094Stoppa Israels krig\u0094, \u0094Bojkotta Israel\u0094, \u0094Solidaritet med Libanons och Palestinas folk\u0094 samt \u0094Avbryt allt svenskt samarbete med Israel\u0094<\/p>\n<p><strong>Bilder fr\u00e5n m\u00f6tet<\/strong><\/p>\n<p><img decoding=\"async\" src=\"http:\/\/kvaxjo.se\/media\/img\/2006\/libanon\/protest1.jpg\" alt=\"Protestm\u00f6te mot Israels krig\" \/><br \/>\n<img decoding=\"async\" src=\"http:\/\/kvaxjo.se\/media\/img\/2006\/libanon\/protest2.jpg\" alt=\"Protestm\u00f6te mot Israels krig\" \/><br \/>\n<img decoding=\"async\" src=\"http:\/\/kvaxjo.se\/media\/img\/2006\/libanon\/protest3.jpg\" alt=\"Protestm\u00f6te mot Israels krig\" \/><br \/>\n<img decoding=\"async\" src=\"http:\/\/kvaxjo.se\/media\/2006\/libanon\/protest4.jpg\" alt=\"Protestm\u00f6te mot Israels krig\" \/><\/p>\n","protected":false},"excerpt":{"rendered":"<p>Jan-\u00c5ke Karlsson och Zeinab Koubaissi, som tillsammans tagit initiativet till protestm\u00f6tet, talade och Luis Rivera spelade fredss\u00e5nger. Deltagarantalet blev s\u00e5 stort att det best\u00e4mdes att ytterligare ett protestm\u00f6te skulle \u00e4ga rum dagen efter. Detta m\u00f6te samlande 150 personer. De samlande parollerna f\u00f6r protesterna var: \u0094Stoppa Israels krig\u0094, \u0094Bojkotta Israel\u0094, \u0094Solidaritet med Libanons och Palestinas folk\u0094 [&hellip;]<\/p>\n","protected":false},"author":1,"featured_media":0,"comment_status":"closed","ping_status":"closed","sticky":false,"template":"","format":"standard","meta":[],"categories":[55],"tags":[],"_links":{"self":[{"href":"https:\/\/kvaxjo.se\/index.php?rest_route=\/wp\/v2\/posts\/151"}],"collection":[{"href":"https:\/\/kvaxjo.se\/index.php?rest_route=\/wp\/v2\/posts"}],"about":[{"href":"https:\/\/kvaxjo.se\/index.php?rest_route=\/wp\/v2\/types\/post"}],"author":[{"embeddable":true,"href":"https:\/\/kvaxjo.se\/index.php?rest_route=\/wp\/v2\/users\/1"}],"replies":[{"embeddable":true,"href":"https:\/\/kvaxjo.se\/index.php?rest_route=%2Fwp%2Fv2%2Fcomments&post=151"}],"version-history":[{"count":3,"href":"https:\/\/kvaxjo.se\/index.php?rest_route=\/wp\/v2\/posts\/151\/revisions"}],"predecessor-version":[{"id":644,"href":"https:\/\/kvaxjo.se\/index.php?rest_route=\/wp\/v2\/posts\/151\/revisions\/644"}],"wp:attachment":[{"href":"https:\/\/kvaxjo.se\/index.php?rest_route=%2Fwp%2Fv2%2Fmedia&parent=151"}],"wp:term":[{"taxonomy":"category","embeddable":true,"href":"https:\/\/kvaxjo.se\/index.php?rest_route=%2Fwp%2Fv2%2Fcategories&post=151"},{"taxonomy":"post_tag","embeddable":true,"href":"https:\/\/kvaxjo.se\/index.php?rest_route=%2Fwp%2Fv2%2Ftags&post=151"}],"curies":[{"name":"wp","href":"https:\/\/api.w.org\/{rel}","templated":true}]}}