{"id":14,"date":"2001-07-11T12:00:18","date_gmt":"2001-07-11T11:00:18","guid":{"rendered":"http:\/\/lenin.se\/kommunistiskapartiet-ny\/2001\/07\/11\/demonstranterna-som-kom-bort\/"},"modified":"2001-07-11T12:00:18","modified_gmt":"2001-07-11T11:00:18","slug":"demonstranterna-som-kom-bort","status":"publish","type":"post","link":"https:\/\/kvaxjo.se\/?p=14","title":{"rendered":"Demonstranterna som kom bort."},"content":{"rendered":"<p><em>Publicerad i SMP 010711 med rubriken &#8221;Maskerade uttrycker ingen \u00e5sikt&#8221;.<\/em><\/p>\n<p>EU-m\u00f6tet i G\u00f6teborg i slutet av f\u00f6rra veckan har skakat om det svenska samh\u00e4llet. Vi tv\u00e5 v\u00e4xj\u00f6bor som skriver dessa rader \u00e4r tv\u00e5 av alla de tusentals demokratif\u00f6rk\u00e4mpar som reste till G\u00f6teborg f\u00f6r att protestera mot det svenska medlemskapet i EU och de konsekvenser medlemskapet f\u00e5r, inte minst f\u00f6r l\u00e5gavl\u00f6nade samt mot att George W Bush, den nu levande person som undertecknat flest d\u00f6dsdomar, skulle komma hit. H\u00e4ndelserna i G\u00f6teborg medf\u00f6rde b\u00e5de sorg och gl\u00e4dje. Sorg \u00f6ver att en liten klick ligister och provokat\u00f6rer f\u00f6rst\u00f6rde staden och drog alla tusentals \u00e4rliga demonstrerande m\u00e4nniskor i smutsen. Men samtidigt k\u00e4nde vi en gl\u00e4dje \u00f6ver att f\u00e5 ha deltagit i de tv\u00e5 st\u00f6rsta demonstrationerna i Sverige i modern tid. B\u00e5de den anti-imperialistiska &#8221;Bush not welcome&#8221;-demonstrationen p\u00e5 torsdagen med 12 500 deltagare samt &#8221;Sverige ut ur EU&#8221;-demonstrationen p\u00e5 fredagen med 16000 deltagare var fredliga, v\u00e4lorganiserade och folkliga. D\u00f6m om v\u00e5r f\u00f6rv\u00e5ning n\u00e4r vi i den svenska nyhetsrapporteringen ser att dessa tv\u00e5 demonstrationer m\u00f6ts med total tystnad och ointresse. Expressen, men \u00e4ven Sm\u00e5landsposten, lyckas med konststycket att inte n\u00e4mna ett ord om Sverige ut ur EU-demonstrationen, den st\u00f6rsta av sitt slag i Sverige n\u00e5gonsin. Detta m\u00e5ste v\u00e4l rimligen ha ett nyhetsv\u00e4rde och vara av ett allm\u00e4nintresse.<br \/>\nMedia v\u00e4ljer i st\u00e4llet att fokusera p\u00e5 de provokat\u00f6rer som endast var i G\u00f6teborg f\u00f6r att sabotera och f\u00f6rst\u00f6ra. De maskerade provokat\u00f6rerna har inget som helst med politik eller EU-motst\u00e5nd att g\u00f6ra. En maskerad m\u00e4nniska uttrycker ingen \u00e5sikt, bara f\u00f6rakt. F\u00f6rakt f\u00f6r alla oss vanliga m\u00e4nniskor som vill vara aktiva i samh\u00e4llsdebatten och som har ett budskap att f\u00f6ra ut. En maskerad m\u00e4nniska \u00e4r ingen demonstrant utan endast en provokat\u00f6r. Men vilka \u00e4r det som underst\u00f6djer dessa provokat\u00f6rer? Jo det \u00e4r svenska massmedier. Sida upp och sida ner st\u00e5r att l\u00e4sa om dessa ligister men inte ett ord om de folkliga massdemonstrationerna. Media v\u00e4ljer att f\u00f6lja maskerade brottslingar i st\u00e4llet f\u00f6r att spegla den politiska debatten. Det \u00e4r ingen tillf\u00e4llighet att det var en fotograf fr\u00e5n Aftonbladet som var den person som var n\u00e4rmast den yngling som blev skjuten i br\u00f6stet. Vad \u00e4r det f\u00f6r budskap svensk media s\u00e4nder till alla de som i dag vill engagera sig i samh\u00e4llsdebatten? Jo deltag inte i demonstrationer, utan maskera dig och sl\u00e5 s\u00f6nder s\u00e5 mycket som m\u00f6jligt; f\u00f6rst d\u00e5 syns du, f\u00f6rst d\u00e5 kan du g\u00f6ra din r\u00f6st h\u00f6rd. Visst finns det ett nyhetsv\u00e4rde i att tala om vad dessa provokat\u00f6rer gjort i G\u00f6teborg, men samtidigt har media ett ansvar att spegla G\u00f6teborgsm\u00f6tets alla massdemonstrationer s\u00e5v\u00e4l som de \u00f6vergrepp som polisen gjorde i G\u00f6teborg. Om inte ger man ungdomen en legitimitet att v\u00e4nda sig bort fr\u00e5n samh\u00e4llets etablerade metoder.<br \/>\nSlutligen m\u00e5ste det till\u00e4ggas att G\u00f6teborgshelgens st\u00f6rsta demonstration var just &#8221;Sverige ut ur EU&#8221;-demonstrationen. Den arrangerades av N\u00e4tverket G\u00f6teborg 2001, fr\u00e4mst f\u00f6retr\u00e4dd av Nej till EU, V\u00e4nsterpartiet, Kommunistiska Partiet-KPML(r), Milj\u00f6partiet, Transportarbetarf\u00f6rbundet, Center-nej, Folket i Bild\/Kulturfront samt Socialdemokratiska EU-kritiker. Ingen i det 16 000 personer l\u00e5nga t\u00e5get var maskerad, helt enkelt d\u00e4rf\u00f6r att arrang\u00f6rerna hade f\u00f6rbjudit detta. Ingen av de 20 000 personerna som lyssnade p\u00e5 de avslutande talen p\u00e5 G\u00f6taplatsen var maskerad, helt enkelt d\u00e4rf\u00f6r att bland vanliga demonstrerande svenskar beh\u00f6vs ingen maskering. Samtidigt med detta m\u00f6te var det dock p\u00e5 annan plats i G\u00f6teborg kravaller mellan polis och maskerade provokat\u00f6rer. Detta om n\u00e5got visar att slagsk\u00e4mparna i G\u00f6teborg inte hade n\u00e5got som helst med demonstrationerna och EU-motst\u00e5ndet att g\u00f6ra.<\/p>\n<p>Jan-\u00c5ke Karlsson, gymnasiel\u00e4rare<br \/>\nMirja Troberg, logoped<\/p>\n","protected":false},"excerpt":{"rendered":"<p>Publicerad i SMP 010711 med rubriken &#8221;Maskerade uttrycker ingen \u00e5sikt&#8221;. EU-m\u00f6tet i G\u00f6teborg i slutet av f\u00f6rra veckan har skakat om det svenska samh\u00e4llet. Vi tv\u00e5 v\u00e4xj\u00f6bor som skriver dessa rader \u00e4r tv\u00e5 av alla de tusentals demokratif\u00f6rk\u00e4mpar som reste till G\u00f6teborg f\u00f6r att protestera mot det svenska medlemskapet i EU och de konsekvenser medlemskapet [&hellip;]<\/p>\n","protected":false},"author":1,"featured_media":0,"comment_status":"closed","ping_status":"closed","sticky":false,"template":"","format":"standard","meta":[],"categories":[5],"tags":[],"_links":{"self":[{"href":"https:\/\/kvaxjo.se\/index.php?rest_route=\/wp\/v2\/posts\/14"}],"collection":[{"href":"https:\/\/kvaxjo.se\/index.php?rest_route=\/wp\/v2\/posts"}],"about":[{"href":"https:\/\/kvaxjo.se\/index.php?rest_route=\/wp\/v2\/types\/post"}],"author":[{"embeddable":true,"href":"https:\/\/kvaxjo.se\/index.php?rest_route=\/wp\/v2\/users\/1"}],"replies":[{"embeddable":true,"href":"https:\/\/kvaxjo.se\/index.php?rest_route=%2Fwp%2Fv2%2Fcomments&post=14"}],"version-history":[{"count":0,"href":"https:\/\/kvaxjo.se\/index.php?rest_route=\/wp\/v2\/posts\/14\/revisions"}],"wp:attachment":[{"href":"https:\/\/kvaxjo.se\/index.php?rest_route=%2Fwp%2Fv2%2Fmedia&parent=14"}],"wp:term":[{"taxonomy":"category","embeddable":true,"href":"https:\/\/kvaxjo.se\/index.php?rest_route=%2Fwp%2Fv2%2Fcategories&post=14"},{"taxonomy":"post_tag","embeddable":true,"href":"https:\/\/kvaxjo.se\/index.php?rest_route=%2Fwp%2Fv2%2Ftags&post=14"}],"curies":[{"name":"wp","href":"https:\/\/api.w.org\/{rel}","templated":true}]}}