{"id":104,"date":"2005-02-25T23:14:59","date_gmt":"2005-02-25T22:14:59","guid":{"rendered":"http:\/\/lenin.se\/kommunistiskapartiet-ny\/2005\/02\/25\/vi-vill-folkomrosta-aven-i-sverige\/"},"modified":"2008-11-25T08:40:56","modified_gmt":"2008-11-25T06:40:56","slug":"vi-vill-folkomrosta-aven-i-sverige","status":"publish","type":"post","link":"https:\/\/kvaxjo.se\/?p=104","title":{"rendered":"Vi vill folkomr\u00f6sta \u00e4ven i Sverige"},"content":{"rendered":"<p><em>Publicerad i V\u00e4xj\u00f6bladet Kronobergaren 2005-02-25<\/em><\/p>\n<p>I dagarna kommer den f\u00f6rsta folkr\u00f6stningen att h\u00e5llas om f\u00f6rslaget till ny grundlag f\u00f6r EU. Det \u00e4r det spanska folket som \u00e4r f\u00f6rst ut med att f\u00e5 s\u00e4ga sitt. I en l\u00e5ng rad EU-l\u00e4nder kommer medborgarna under v\u00e5ren att f\u00e5 folkomr\u00f6sta om den nya EU-grundlagen. Men inte vi i Sverige. Sossarna och de fyra borgerliga partierna i den EU-positiva riksdagsmajoriteten v\u00e4grar att m\u00f6ta folkviljan. De vet n\u00e4mligen att deras eget ja till grundlagen v\u00e4nds till ett nej om folket till\u00e5ts s\u00e4ga sitt, precis som i EMU-omr\u00f6stningen. D\u00e4rf\u00f6r skall folket tystas och beslut tas av de EU-positiva sj\u00e4lva. Detta kallas &#8221;representativ demokrati&#8221; men har inget med demokrati att g\u00f6ra, utan med folkf\u00f6rakt. Feghetens politiska f\u00f6retr\u00e4dare v\u00e5gar inte m\u00f6ta den folkvilja de s\u00e4ger sig representera. Det \u00e4r skamligt. Alla demokratiskt sinnade m\u00e4nniskor m\u00e5ste kr\u00e4va att \u00e4ven vi i Sverige ska f\u00e5 r\u00f6sta om EU-grundlagen.<\/p>\n<p>Jan-\u00c5ke Karlsson<br \/>\nKommunistiska Partiet i V\u00e4xj\u00f6<\/p>\n","protected":false},"excerpt":{"rendered":"<p>Publicerad i V\u00e4xj\u00f6bladet Kronobergaren 2005-02-25 I dagarna kommer den f\u00f6rsta folkr\u00f6stningen att h\u00e5llas om f\u00f6rslaget till ny grundlag f\u00f6r EU. Det \u00e4r det spanska folket som \u00e4r f\u00f6rst ut med att f\u00e5 s\u00e4ga sitt. I en l\u00e5ng rad EU-l\u00e4nder kommer medborgarna under v\u00e5ren att f\u00e5 folkomr\u00f6sta om den nya EU-grundlagen. Men inte vi i Sverige. [&hellip;]<\/p>\n","protected":false},"author":1,"featured_media":0,"comment_status":"closed","ping_status":"closed","sticky":false,"template":"","format":"standard","meta":[],"categories":[5],"tags":[],"_links":{"self":[{"href":"https:\/\/kvaxjo.se\/index.php?rest_route=\/wp\/v2\/posts\/104"}],"collection":[{"href":"https:\/\/kvaxjo.se\/index.php?rest_route=\/wp\/v2\/posts"}],"about":[{"href":"https:\/\/kvaxjo.se\/index.php?rest_route=\/wp\/v2\/types\/post"}],"author":[{"embeddable":true,"href":"https:\/\/kvaxjo.se\/index.php?rest_route=\/wp\/v2\/users\/1"}],"replies":[{"embeddable":true,"href":"https:\/\/kvaxjo.se\/index.php?rest_route=%2Fwp%2Fv2%2Fcomments&post=104"}],"version-history":[{"count":1,"href":"https:\/\/kvaxjo.se\/index.php?rest_route=\/wp\/v2\/posts\/104\/revisions"}],"predecessor-version":[{"id":448,"href":"https:\/\/kvaxjo.se\/index.php?rest_route=\/wp\/v2\/posts\/104\/revisions\/448"}],"wp:attachment":[{"href":"https:\/\/kvaxjo.se\/index.php?rest_route=%2Fwp%2Fv2%2Fmedia&parent=104"}],"wp:term":[{"taxonomy":"category","embeddable":true,"href":"https:\/\/kvaxjo.se\/index.php?rest_route=%2Fwp%2Fv2%2Fcategories&post=104"},{"taxonomy":"post_tag","embeddable":true,"href":"https:\/\/kvaxjo.se\/index.php?rest_route=%2Fwp%2Fv2%2Ftags&post=104"}],"curies":[{"name":"wp","href":"https:\/\/api.w.org\/{rel}","templated":true}]}}